{"id":17145,"date":"2025-09-24T16:56:07","date_gmt":"2025-09-24T14:56:07","guid":{"rendered":"https:\/\/anpej.sn\/accueil\/?p=17145"},"modified":"2025-09-24T16:56:08","modified_gmt":"2025-09-24T14:56:08","slug":"ceremonie-de-passation-de-service-a-lantenne-regionale-de-lanpej-dakar","status":"publish","type":"post","link":"https:\/\/anpej.sn\/accueil\/ceremonie-de-passation-de-service-a-lantenne-regionale-de-lanpej-dakar\/","title":{"rendered":"C\u00e9r\u00e9monie de passation de service \u00e0 l&#8217;Antenne r\u00e9gionale de l&#8217;ANPEJ \u2013 Dakar"},"content":{"rendered":"\n<p>Passation de service \u00e0 l&#8217;antenne r\u00e9gionale ANPEJ de Dakar, ce 23 septembre 2025.<br>M. Harouna BALD\u00c9 passe le t\u00e9moin \u00e0 Mme Ndella Tour\u00e9 NDIAYE<\/p>\n","protected":false},"excerpt":{"rendered":"<p>Passation de service \u00e0 l&#8217;antenne r\u00e9gionale ANPEJ de Dakar, ce 23 septembre 2025.M. Harouna BALD\u00c9 passe le t\u00e9moin \u00e0 Mme Ndella Tour\u00e9 NDIAYE<\/p>\n","protected":false},"author":1,"featured_media":17146,"comment_status":"closed","ping_status":"closed","sticky":false,"template":"","format":"standard","meta":{"footnotes":""},"categories":[41],"tags":[],"class_list":["post-17145","post","type-post","status-publish","format-standard","has-post-thumbnail","hentry","category-actualite"],"rttpg_featured_image_url":{"full":["https:\/\/anpej.sn\/accueil\/wp-content\/uploads\/2025\/09\/passation-antenne-dk.jpg",720,1280,false],"landscape":["https:\/\/anpej.sn\/accueil\/wp-content\/uploads\/2025\/09\/passation-antenne-dk.jpg",720,1280,false],"portraits":["https:\/\/anpej.sn\/accueil\/wp-content\/uploads\/2025\/09\/passation-antenne-dk.jpg",720,1280,false],"thumbnail":["https:\/\/anpej.sn\/accueil\/wp-content\/uploads\/2025\/09\/passation-antenne-dk-175x175.jpg",175,175,true],"medium":["https:\/\/anpej.sn\/accueil\/wp-content\/uploads\/2025\/09\/passation-antenne-dk-600x540.jpg",600,540,true],"large":["https:\/\/anpej.sn\/accueil\/wp-content\/uploads\/2025\/09\/passation-antenne-dk-576x1024.jpg",576,1024,true],"post-thumbnail":["https:\/\/anpej.sn\/accueil\/wp-content\/uploads\/2025\/09\/passation-antenne-dk-550x410.jpg",550,410,true],"consilox_medium":["https:\/\/anpej.sn\/accueil\/wp-content\/uploads\/2025\/09\/passation-antenne-dk-550x580.jpg",550,580,true],"woocommerce_thumbnail":["https:\/\/anpej.sn\/accueil\/wp-content\/uploads\/2025\/09\/passation-antenne-dk-300x300.jpg",300,300,true],"woocommerce_single":["https:\/\/anpej.sn\/accueil\/wp-content\/uploads\/2025\/09\/passation-antenne-dk-600x1067.jpg",600,1067,true],"woocommerce_gallery_thumbnail":["https:\/\/anpej.sn\/accueil\/wp-content\/uploads\/2025\/09\/passation-antenne-dk-180x180.jpg",180,180,true]},"rttpg_author":{"display_name":"admin","author_link":"https:\/\/anpej.sn\/accueil\/author\/admin\/"},"rttpg_comment":0,"rttpg_category":"<a href=\"https:\/\/anpej.sn\/accueil\/category\/actualite\/\" rel=\"category tag\">actualit\u00e9<\/a>","rttpg_excerpt":"Passation de service \u00e0 l&#8217;antenne r\u00e9gionale ANPEJ de Dakar, ce 23 septembre 2025.M. Harouna BALD\u00c9 passe le t\u00e9moin \u00e0 Mme Ndella Tour\u00e9 NDIAYE","_links":{"self":[{"href":"https:\/\/anpej.sn\/accueil\/wp-json\/wp\/v2\/posts\/17145","targetHints":{"allow":["GET"]}}],"collection":[{"href":"https:\/\/anpej.sn\/accueil\/wp-json\/wp\/v2\/posts"}],"about":[{"href":"https:\/\/anpej.sn\/accueil\/wp-json\/wp\/v2\/types\/post"}],"author":[{"embeddable":true,"href":"https:\/\/anpej.sn\/accueil\/wp-json\/wp\/v2\/users\/1"}],"replies":[{"embeddable":true,"href":"https:\/\/anpej.sn\/accueil\/wp-json\/wp\/v2\/comments?post=17145"}],"version-history":[{"count":1,"href":"https:\/\/anpej.sn\/accueil\/wp-json\/wp\/v2\/posts\/17145\/revisions"}],"predecessor-version":[{"id":17147,"href":"https:\/\/anpej.sn\/accueil\/wp-json\/wp\/v2\/posts\/17145\/revisions\/17147"}],"wp:featuredmedia":[{"embeddable":true,"href":"https:\/\/anpej.sn\/accueil\/wp-json\/wp\/v2\/media\/17146"}],"wp:attachment":[{"href":"https:\/\/anpej.sn\/accueil\/wp-json\/wp\/v2\/media?parent=17145"}],"wp:term":[{"taxonomy":"category","embeddable":true,"href":"https:\/\/anpej.sn\/accueil\/wp-json\/wp\/v2\/categories?post=17145"},{"taxonomy":"post_tag","embeddable":true,"href":"https:\/\/anpej.sn\/accueil\/wp-json\/wp\/v2\/tags?post=17145"}],"curies":[{"name":"wp","href":"https:\/\/api.w.org\/{rel}","templated":true}]}}