{"id":17159,"date":"2025-09-25T10:31:53","date_gmt":"2025-09-25T08:31:53","guid":{"rendered":"https:\/\/anpej.sn\/accueil\/?p=17159"},"modified":"2025-09-25T10:31:53","modified_gmt":"2025-09-25T08:31:53","slug":"thies-coaching-sur-lentrepreneuriat-au-profit-de-migrants-de-retour-avec-lappui-de-loim","status":"publish","type":"post","link":"https:\/\/anpej.sn\/accueil\/thies-coaching-sur-lentrepreneuriat-au-profit-de-migrants-de-retour-avec-lappui-de-loim\/","title":{"rendered":"Thi\u00e8s : Coaching sur l\u2019Entrepreneuriat au Profit de Migrants de Retour avec l\u2019Appui de l\u2019OIM"},"content":{"rendered":"\n<p>Le mardi 23 septembre 2025, l&#8217;antenne r\u00e9gionale de Thi\u00e8s a anim\u00e9 une s\u00e9ance de coaching sur le processus de cr\u00e9ation d&#8217;entreprise au profit de 22 migrants de retour accompagn\u00e9s par l&#8217;OIM.<\/p>\n","protected":false},"excerpt":{"rendered":"<p>Le mardi 23 septembre 2025, l&#8217;antenne r\u00e9gionale de Thi\u00e8s a anim\u00e9 une s\u00e9ance de coaching sur le processus de cr\u00e9ation d&#8217;entreprise au profit de 22 migrants de retour accompagn\u00e9s par [&hellip;]<\/p>\n","protected":false},"author":1,"featured_media":17160,"comment_status":"closed","ping_status":"closed","sticky":false,"template":"","format":"standard","meta":{"footnotes":""},"categories":[41],"tags":[],"class_list":["post-17159","post","type-post","status-publish","format-standard","has-post-thumbnail","hentry","category-actualite"],"rttpg_featured_image_url":{"full":["https:\/\/anpej.sn\/accueil\/wp-content\/uploads\/2025\/09\/aa9cf336-6274-45ce-a393-3bd6ebc5035c.jpg",828,728,false],"landscape":["https:\/\/anpej.sn\/accueil\/wp-content\/uploads\/2025\/09\/aa9cf336-6274-45ce-a393-3bd6ebc5035c.jpg",828,728,false],"portraits":["https:\/\/anpej.sn\/accueil\/wp-content\/uploads\/2025\/09\/aa9cf336-6274-45ce-a393-3bd6ebc5035c.jpg",828,728,false],"thumbnail":["https:\/\/anpej.sn\/accueil\/wp-content\/uploads\/2025\/09\/aa9cf336-6274-45ce-a393-3bd6ebc5035c-175x175.jpg",175,175,true],"medium":["https:\/\/anpej.sn\/accueil\/wp-content\/uploads\/2025\/09\/aa9cf336-6274-45ce-a393-3bd6ebc5035c-600x540.jpg",600,540,true],"large":["https:\/\/anpej.sn\/accueil\/wp-content\/uploads\/2025\/09\/aa9cf336-6274-45ce-a393-3bd6ebc5035c.jpg",828,728,false],"post-thumbnail":["https:\/\/anpej.sn\/accueil\/wp-content\/uploads\/2025\/09\/aa9cf336-6274-45ce-a393-3bd6ebc5035c-550x410.jpg",550,410,true],"consilox_medium":["https:\/\/anpej.sn\/accueil\/wp-content\/uploads\/2025\/09\/aa9cf336-6274-45ce-a393-3bd6ebc5035c-550x580.jpg",550,580,true],"woocommerce_thumbnail":["https:\/\/anpej.sn\/accueil\/wp-content\/uploads\/2025\/09\/aa9cf336-6274-45ce-a393-3bd6ebc5035c-300x300.jpg",300,300,true],"woocommerce_single":["https:\/\/anpej.sn\/accueil\/wp-content\/uploads\/2025\/09\/aa9cf336-6274-45ce-a393-3bd6ebc5035c-600x528.jpg",600,528,true],"woocommerce_gallery_thumbnail":["https:\/\/anpej.sn\/accueil\/wp-content\/uploads\/2025\/09\/aa9cf336-6274-45ce-a393-3bd6ebc5035c-180x180.jpg",180,180,true]},"rttpg_author":{"display_name":"admin","author_link":"https:\/\/anpej.sn\/accueil\/author\/admin\/"},"rttpg_comment":0,"rttpg_category":"<a href=\"https:\/\/anpej.sn\/accueil\/category\/actualite\/\" rel=\"category tag\">actualit\u00e9<\/a>","rttpg_excerpt":"Le mardi 23 septembre 2025, l&#8217;antenne r\u00e9gionale de Thi\u00e8s a anim\u00e9 une s\u00e9ance de coaching sur le processus de cr\u00e9ation d&#8217;entreprise au profit de 22 migrants de retour accompagn\u00e9s par [&hellip;]","_links":{"self":[{"href":"https:\/\/anpej.sn\/accueil\/wp-json\/wp\/v2\/posts\/17159","targetHints":{"allow":["GET"]}}],"collection":[{"href":"https:\/\/anpej.sn\/accueil\/wp-json\/wp\/v2\/posts"}],"about":[{"href":"https:\/\/anpej.sn\/accueil\/wp-json\/wp\/v2\/types\/post"}],"author":[{"embeddable":true,"href":"https:\/\/anpej.sn\/accueil\/wp-json\/wp\/v2\/users\/1"}],"replies":[{"embeddable":true,"href":"https:\/\/anpej.sn\/accueil\/wp-json\/wp\/v2\/comments?post=17159"}],"version-history":[{"count":1,"href":"https:\/\/anpej.sn\/accueil\/wp-json\/wp\/v2\/posts\/17159\/revisions"}],"predecessor-version":[{"id":17161,"href":"https:\/\/anpej.sn\/accueil\/wp-json\/wp\/v2\/posts\/17159\/revisions\/17161"}],"wp:featuredmedia":[{"embeddable":true,"href":"https:\/\/anpej.sn\/accueil\/wp-json\/wp\/v2\/media\/17160"}],"wp:attachment":[{"href":"https:\/\/anpej.sn\/accueil\/wp-json\/wp\/v2\/media?parent=17159"}],"wp:term":[{"taxonomy":"category","embeddable":true,"href":"https:\/\/anpej.sn\/accueil\/wp-json\/wp\/v2\/categories?post=17159"},{"taxonomy":"post_tag","embeddable":true,"href":"https:\/\/anpej.sn\/accueil\/wp-json\/wp\/v2\/tags?post=17159"}],"curies":[{"name":"wp","href":"https:\/\/api.w.org\/{rel}","templated":true}]}}