{"id":17165,"date":"2025-09-26T17:40:37","date_gmt":"2025-09-26T15:40:37","guid":{"rendered":"https:\/\/anpej.sn\/accueil\/?p=17165"},"modified":"2025-09-26T17:40:38","modified_gmt":"2025-09-26T15:40:38","slug":"suivi-technique-et-financier-des-ess-et-osc-dans-le-cadre-du-projet-efforts","status":"publish","type":"post","link":"https:\/\/anpej.sn\/accueil\/suivi-technique-et-financier-des-ess-et-osc-dans-le-cadre-du-projet-efforts\/","title":{"rendered":"Suivi Technique et Financier des ESS et OSC dans le Cadre du Projet EFFORTS"},"content":{"rendered":"\n<p>Les 22, 23 et 24 septembre l&#8217;ARTH a particip\u00e9, en tant que membre du comit\u00e9 technique mis en place par Monsieur le Gouverneur, avec l&#8217;Agence r\u00e9gionale de d\u00e9veloppement, la Direction r\u00e9gionale du d\u00e9veloppement communautaire, la Direction r\u00e9gionale de l&#8217;am\u00e9nagement du territoire, la d\u00e9l\u00e9gation de l&#8217;ONG Humanit\u00e9 et Inclusion (HI) et la d\u00e9l\u00e9gation de l&#8217;ONG Green S\u00e9n\u00e9gal \u00e0 la Mission de suivi des entreprises et associations b\u00e9n\u00e9ficiaires de financement du projet EFFORTS, financ\u00e9 par l&#8217;Union europ\u00e9enne et port\u00e9 par les ONG Hi Green S\u00e9n\u00e9gal. Au total 07 entreprises sociales et solidaires (ESS) et 04 organisation de la soci\u00e9t\u00e9 civile (OSC) qui ont re\u00e7u la premi\u00e8re tranche destin\u00e9e \u00e0 la r\u00e9alisation des investissements de leurs projets sont visit\u00e9s. L&#8217;objectif de cette mission \u00e9tait de constater de visu les investissements r\u00e9alis\u00e9s, de v\u00e9rifier leur conformit\u00e9 avec les clauses de la convention de financement et de d\u00e9cider de l&#8217;autorisation ou non du deuxi\u00e8me d\u00e9caissement destin\u00e9 \u00e0 financer le fonds de roulement.<\/p>\n","protected":false},"excerpt":{"rendered":"<p>Les 22, 23 et 24 septembre l&#8217;ARTH a particip\u00e9, en tant que membre du comit\u00e9 technique mis en place par Monsieur le Gouverneur, avec l&#8217;Agence r\u00e9gionale de d\u00e9veloppement, la Direction [&hellip;]<\/p>\n","protected":false},"author":1,"featured_media":17166,"comment_status":"closed","ping_status":"closed","sticky":false,"template":"","format":"standard","meta":{"footnotes":""},"categories":[41],"tags":[],"class_list":["post-17165","post","type-post","status-publish","format-standard","has-post-thumbnail","hentry","category-actualite"],"rttpg_featured_image_url":{"full":["https:\/\/anpej.sn\/accueil\/wp-content\/uploads\/2025\/09\/0f13c11f-a293-41e3-9eb2-6ed66bdd0214.jpg",1080,810,false],"landscape":["https:\/\/anpej.sn\/accueil\/wp-content\/uploads\/2025\/09\/0f13c11f-a293-41e3-9eb2-6ed66bdd0214.jpg",1080,810,false],"portraits":["https:\/\/anpej.sn\/accueil\/wp-content\/uploads\/2025\/09\/0f13c11f-a293-41e3-9eb2-6ed66bdd0214.jpg",1080,810,false],"thumbnail":["https:\/\/anpej.sn\/accueil\/wp-content\/uploads\/2025\/09\/0f13c11f-a293-41e3-9eb2-6ed66bdd0214-175x175.jpg",175,175,true],"medium":["https:\/\/anpej.sn\/accueil\/wp-content\/uploads\/2025\/09\/0f13c11f-a293-41e3-9eb2-6ed66bdd0214-600x540.jpg",600,540,true],"large":["https:\/\/anpej.sn\/accueil\/wp-content\/uploads\/2025\/09\/0f13c11f-a293-41e3-9eb2-6ed66bdd0214-1024x768.jpg",900,675,true],"post-thumbnail":["https:\/\/anpej.sn\/accueil\/wp-content\/uploads\/2025\/09\/0f13c11f-a293-41e3-9eb2-6ed66bdd0214-550x410.jpg",550,410,true],"consilox_medium":["https:\/\/anpej.sn\/accueil\/wp-content\/uploads\/2025\/09\/0f13c11f-a293-41e3-9eb2-6ed66bdd0214-550x580.jpg",550,580,true],"woocommerce_thumbnail":["https:\/\/anpej.sn\/accueil\/wp-content\/uploads\/2025\/09\/0f13c11f-a293-41e3-9eb2-6ed66bdd0214-300x300.jpg",300,300,true],"woocommerce_single":["https:\/\/anpej.sn\/accueil\/wp-content\/uploads\/2025\/09\/0f13c11f-a293-41e3-9eb2-6ed66bdd0214-600x450.jpg",600,450,true],"woocommerce_gallery_thumbnail":["https:\/\/anpej.sn\/accueil\/wp-content\/uploads\/2025\/09\/0f13c11f-a293-41e3-9eb2-6ed66bdd0214-180x180.jpg",180,180,true]},"rttpg_author":{"display_name":"admin","author_link":"https:\/\/anpej.sn\/accueil\/author\/admin\/"},"rttpg_comment":0,"rttpg_category":"<a href=\"https:\/\/anpej.sn\/accueil\/category\/actualite\/\" rel=\"category tag\">actualit\u00e9<\/a>","rttpg_excerpt":"Les 22, 23 et 24 septembre l&#8217;ARTH a particip\u00e9, en tant que membre du comit\u00e9 technique mis en place par Monsieur le Gouverneur, avec l&#8217;Agence r\u00e9gionale de d\u00e9veloppement, la Direction [&hellip;]","_links":{"self":[{"href":"https:\/\/anpej.sn\/accueil\/wp-json\/wp\/v2\/posts\/17165","targetHints":{"allow":["GET"]}}],"collection":[{"href":"https:\/\/anpej.sn\/accueil\/wp-json\/wp\/v2\/posts"}],"about":[{"href":"https:\/\/anpej.sn\/accueil\/wp-json\/wp\/v2\/types\/post"}],"author":[{"embeddable":true,"href":"https:\/\/anpej.sn\/accueil\/wp-json\/wp\/v2\/users\/1"}],"replies":[{"embeddable":true,"href":"https:\/\/anpej.sn\/accueil\/wp-json\/wp\/v2\/comments?post=17165"}],"version-history":[{"count":1,"href":"https:\/\/anpej.sn\/accueil\/wp-json\/wp\/v2\/posts\/17165\/revisions"}],"predecessor-version":[{"id":17167,"href":"https:\/\/anpej.sn\/accueil\/wp-json\/wp\/v2\/posts\/17165\/revisions\/17167"}],"wp:featuredmedia":[{"embeddable":true,"href":"https:\/\/anpej.sn\/accueil\/wp-json\/wp\/v2\/media\/17166"}],"wp:attachment":[{"href":"https:\/\/anpej.sn\/accueil\/wp-json\/wp\/v2\/media?parent=17165"}],"wp:term":[{"taxonomy":"category","embeddable":true,"href":"https:\/\/anpej.sn\/accueil\/wp-json\/wp\/v2\/categories?post=17165"},{"taxonomy":"post_tag","embeddable":true,"href":"https:\/\/anpej.sn\/accueil\/wp-json\/wp\/v2\/tags?post=17165"}],"curies":[{"name":"wp","href":"https:\/\/api.w.org\/{rel}","templated":true}]}}