{"id":17182,"date":"2025-09-30T12:15:04","date_gmt":"2025-09-30T10:15:04","guid":{"rendered":"https:\/\/anpej.sn\/accueil\/?p=17182"},"modified":"2025-09-30T12:15:05","modified_gmt":"2025-09-30T10:15:05","slug":"cloture-des-vacances-agricoles-a-leona-33-jeunes-formes-en-agriculture-et-entrepreneuriat","status":"publish","type":"post","link":"https:\/\/anpej.sn\/accueil\/cloture-des-vacances-agricoles-a-leona-33-jeunes-formes-en-agriculture-et-entrepreneuriat\/","title":{"rendered":"Cl\u00f4ture des Vacances Agricoles \u00e0 L\u00e9ona : 33 Jeunes Form\u00e9s en Agriculture et Entrepreneuriat"},"content":{"rendered":"\n<p>Le mercredi 27 septembre, l&#8217;ARTH a proc\u00e9d\u00e9 \u00e0 la cl\u00f4ture des vacances agricoles \u00e0 la ferme de L\u00e9ona, Louga. Celle-ci qui s&#8217;est d\u00e9roul\u00e9e en phases de 15 jours chacune a vu la participation de 20 jeunes \u00e0 la premi\u00e8re qui a port\u00e9 sur les grandes cultures (couture du ni\u00e9b\u00e9 et de l&#8217;arachide) et sur l&#8217;entrepreneuriat, anim\u00e9 par l&#8217;ANPEJ, et de 13 jeunes \u00e0 la deuxi\u00e8me qui a port\u00e9 sur les cultures mara\u00eech\u00e8res.<\/p>\n","protected":false},"excerpt":{"rendered":"<p>Le mercredi 27 septembre, l&#8217;ARTH a proc\u00e9d\u00e9 \u00e0 la cl\u00f4ture des vacances agricoles \u00e0 la ferme de L\u00e9ona, Louga. Celle-ci qui s&#8217;est d\u00e9roul\u00e9e en phases de 15 jours chacune a [&hellip;]<\/p>\n","protected":false},"author":1,"featured_media":17183,"comment_status":"closed","ping_status":"closed","sticky":false,"template":"","format":"standard","meta":{"footnotes":""},"categories":[41],"tags":[],"class_list":["post-17182","post","type-post","status-publish","format-standard","has-post-thumbnail","hentry","category-actualite"],"rttpg_featured_image_url":{"full":["https:\/\/anpej.sn\/accueil\/wp-content\/uploads\/2025\/09\/ferme-leona.jpg",1020,765,false],"landscape":["https:\/\/anpej.sn\/accueil\/wp-content\/uploads\/2025\/09\/ferme-leona.jpg",1020,765,false],"portraits":["https:\/\/anpej.sn\/accueil\/wp-content\/uploads\/2025\/09\/ferme-leona.jpg",1020,765,false],"thumbnail":["https:\/\/anpej.sn\/accueil\/wp-content\/uploads\/2025\/09\/ferme-leona-175x175.jpg",175,175,true],"medium":["https:\/\/anpej.sn\/accueil\/wp-content\/uploads\/2025\/09\/ferme-leona-600x540.jpg",600,540,true],"large":["https:\/\/anpej.sn\/accueil\/wp-content\/uploads\/2025\/09\/ferme-leona.jpg",900,675,false],"post-thumbnail":["https:\/\/anpej.sn\/accueil\/wp-content\/uploads\/2025\/09\/ferme-leona-550x410.jpg",550,410,true],"consilox_medium":["https:\/\/anpej.sn\/accueil\/wp-content\/uploads\/2025\/09\/ferme-leona-550x580.jpg",550,580,true],"woocommerce_thumbnail":["https:\/\/anpej.sn\/accueil\/wp-content\/uploads\/2025\/09\/ferme-leona-300x300.jpg",300,300,true],"woocommerce_single":["https:\/\/anpej.sn\/accueil\/wp-content\/uploads\/2025\/09\/ferme-leona-600x450.jpg",600,450,true],"woocommerce_gallery_thumbnail":["https:\/\/anpej.sn\/accueil\/wp-content\/uploads\/2025\/09\/ferme-leona-180x180.jpg",180,180,true]},"rttpg_author":{"display_name":"admin","author_link":"https:\/\/anpej.sn\/accueil\/author\/admin\/"},"rttpg_comment":0,"rttpg_category":"<a href=\"https:\/\/anpej.sn\/accueil\/category\/actualite\/\" rel=\"category tag\">actualit\u00e9<\/a>","rttpg_excerpt":"Le mercredi 27 septembre, l&#8217;ARTH a proc\u00e9d\u00e9 \u00e0 la cl\u00f4ture des vacances agricoles \u00e0 la ferme de L\u00e9ona, Louga. Celle-ci qui s&#8217;est d\u00e9roul\u00e9e en phases de 15 jours chacune a [&hellip;]","_links":{"self":[{"href":"https:\/\/anpej.sn\/accueil\/wp-json\/wp\/v2\/posts\/17182","targetHints":{"allow":["GET"]}}],"collection":[{"href":"https:\/\/anpej.sn\/accueil\/wp-json\/wp\/v2\/posts"}],"about":[{"href":"https:\/\/anpej.sn\/accueil\/wp-json\/wp\/v2\/types\/post"}],"author":[{"embeddable":true,"href":"https:\/\/anpej.sn\/accueil\/wp-json\/wp\/v2\/users\/1"}],"replies":[{"embeddable":true,"href":"https:\/\/anpej.sn\/accueil\/wp-json\/wp\/v2\/comments?post=17182"}],"version-history":[{"count":1,"href":"https:\/\/anpej.sn\/accueil\/wp-json\/wp\/v2\/posts\/17182\/revisions"}],"predecessor-version":[{"id":17184,"href":"https:\/\/anpej.sn\/accueil\/wp-json\/wp\/v2\/posts\/17182\/revisions\/17184"}],"wp:featuredmedia":[{"embeddable":true,"href":"https:\/\/anpej.sn\/accueil\/wp-json\/wp\/v2\/media\/17183"}],"wp:attachment":[{"href":"https:\/\/anpej.sn\/accueil\/wp-json\/wp\/v2\/media?parent=17182"}],"wp:term":[{"taxonomy":"category","embeddable":true,"href":"https:\/\/anpej.sn\/accueil\/wp-json\/wp\/v2\/categories?post=17182"},{"taxonomy":"post_tag","embeddable":true,"href":"https:\/\/anpej.sn\/accueil\/wp-json\/wp\/v2\/tags?post=17182"}],"curies":[{"name":"wp","href":"https:\/\/api.w.org\/{rel}","templated":true}]}}