{"id":17188,"date":"2025-09-28T14:25:41","date_gmt":"2025-09-28T12:25:41","guid":{"rendered":"https:\/\/anpej.sn\/accueil\/?p=17188"},"modified":"2025-09-30T14:35:44","modified_gmt":"2025-09-30T12:35:44","slug":"participation-du-senegal-a-la-2%e1%b5%89-reunion-des-experts-sur-lemploi-et-la-formation-dans-lespace-uemoa","status":"publish","type":"post","link":"https:\/\/anpej.sn\/accueil\/participation-du-senegal-a-la-2%e1%b5%89-reunion-des-experts-sur-lemploi-et-la-formation-dans-lespace-uemoa\/","title":{"rendered":"Participation du S\u00e9n\u00e9gal \u00e0 la 2\u1d49 R\u00e9union des Experts sur l\u2019Emploi et la Formation dans l\u2019Espace UEMOA"},"content":{"rendered":"\n<p>Du 23 au 25 septembre \u00e0 Cotonou (Benin), Mme la Directrice g\u00e9n\u00e9rale de l\u2019Agence nationale pour la Promotion de <a><\/a>l\u2019Emploi des Jeunes, avec une importante d\u00e9l\u00e9gation s\u00e9n\u00e9galaise, a pris part \u00e0 la 2\u1d49 r\u00e9union des experts organis\u00e9e par le Cadre de concertation des ministres en charge de l\u2019emploi et de la formation professionnelle, en pr\u00e9lude \u00e0 la 16\u1d49 Conf\u00e9rence minist\u00e9rielle.<\/p>\n\n\n\n<p>Plac\u00e9e sous le th\u00e8me : \u00ab Transformation num\u00e9rique et employabilit\u00e9 des jeunes dans l\u2019espace UEMOA : quels leviers pour les comp\u00e9tences d\u2019avenir et la stabilit\u00e9 des jeunes \u00e0 l\u2019\u00e8re de l\u2019intelligence artificielle ? \u00bb, cette rencontre a permis des \u00e9changes riches autour des strat\u00e9gies et initiatives \u00e0 mettre en \u0153uvre pour mieux pr\u00e9parer la jeunesse aux mutations du march\u00e9 du travail.<\/p>\n\n\n\n<p>La conf\u00e9rence s\u2019est cl\u00f4tur\u00e9e par un d\u00eener offert en l\u2019honneur des ministres et des membres du Cadre de concertation, qui demeure un espace privil\u00e9gi\u00e9 de mutualisation et de partage de bonnes pratiques en mati\u00e8re de politiques publiques d\u2019emploi et de formation professionnelle dans l\u2019espace UEMOA<\/p>\n","protected":false},"excerpt":{"rendered":"<p>Du 23 au 25 septembre \u00e0 Cotonou (Benin), Mme la Directrice g\u00e9n\u00e9rale de l\u2019Agence nationale pour la Promotion de l\u2019Emploi des Jeunes, avec une importante d\u00e9l\u00e9gation s\u00e9n\u00e9galaise, a pris part [&hellip;]<\/p>\n","protected":false},"author":1,"featured_media":17189,"comment_status":"closed","ping_status":"closed","sticky":false,"template":"","format":"standard","meta":{"footnotes":""},"categories":[41],"tags":[],"class_list":["post-17188","post","type-post","status-publish","format-standard","has-post-thumbnail","hentry","category-actualite"],"rttpg_featured_image_url":{"full":["https:\/\/anpej.sn\/accueil\/wp-content\/uploads\/2025\/09\/555501244_1123663806623643_2121083472400877728_n.jpg",1080,810,false],"landscape":["https:\/\/anpej.sn\/accueil\/wp-content\/uploads\/2025\/09\/555501244_1123663806623643_2121083472400877728_n.jpg",1080,810,false],"portraits":["https:\/\/anpej.sn\/accueil\/wp-content\/uploads\/2025\/09\/555501244_1123663806623643_2121083472400877728_n.jpg",1080,810,false],"thumbnail":["https:\/\/anpej.sn\/accueil\/wp-content\/uploads\/2025\/09\/555501244_1123663806623643_2121083472400877728_n-175x175.jpg",175,175,true],"medium":["https:\/\/anpej.sn\/accueil\/wp-content\/uploads\/2025\/09\/555501244_1123663806623643_2121083472400877728_n-600x540.jpg",600,540,true],"large":["https:\/\/anpej.sn\/accueil\/wp-content\/uploads\/2025\/09\/555501244_1123663806623643_2121083472400877728_n-1024x768.jpg",900,675,true],"post-thumbnail":["https:\/\/anpej.sn\/accueil\/wp-content\/uploads\/2025\/09\/555501244_1123663806623643_2121083472400877728_n-550x410.jpg",550,410,true],"consilox_medium":["https:\/\/anpej.sn\/accueil\/wp-content\/uploads\/2025\/09\/555501244_1123663806623643_2121083472400877728_n-550x580.jpg",550,580,true],"woocommerce_thumbnail":["https:\/\/anpej.sn\/accueil\/wp-content\/uploads\/2025\/09\/555501244_1123663806623643_2121083472400877728_n-300x300.jpg",300,300,true],"woocommerce_single":["https:\/\/anpej.sn\/accueil\/wp-content\/uploads\/2025\/09\/555501244_1123663806623643_2121083472400877728_n-600x450.jpg",600,450,true],"woocommerce_gallery_thumbnail":["https:\/\/anpej.sn\/accueil\/wp-content\/uploads\/2025\/09\/555501244_1123663806623643_2121083472400877728_n-180x180.jpg",180,180,true]},"rttpg_author":{"display_name":"admin","author_link":"https:\/\/anpej.sn\/accueil\/author\/admin\/"},"rttpg_comment":0,"rttpg_category":"<a href=\"https:\/\/anpej.sn\/accueil\/category\/actualite\/\" rel=\"category tag\">actualit\u00e9<\/a>","rttpg_excerpt":"Du 23 au 25 septembre \u00e0 Cotonou (Benin), Mme la Directrice g\u00e9n\u00e9rale de l\u2019Agence nationale pour la Promotion de l\u2019Emploi des Jeunes, avec une importante d\u00e9l\u00e9gation s\u00e9n\u00e9galaise, a pris part [&hellip;]","_links":{"self":[{"href":"https:\/\/anpej.sn\/accueil\/wp-json\/wp\/v2\/posts\/17188","targetHints":{"allow":["GET"]}}],"collection":[{"href":"https:\/\/anpej.sn\/accueil\/wp-json\/wp\/v2\/posts"}],"about":[{"href":"https:\/\/anpej.sn\/accueil\/wp-json\/wp\/v2\/types\/post"}],"author":[{"embeddable":true,"href":"https:\/\/anpej.sn\/accueil\/wp-json\/wp\/v2\/users\/1"}],"replies":[{"embeddable":true,"href":"https:\/\/anpej.sn\/accueil\/wp-json\/wp\/v2\/comments?post=17188"}],"version-history":[{"count":1,"href":"https:\/\/anpej.sn\/accueil\/wp-json\/wp\/v2\/posts\/17188\/revisions"}],"predecessor-version":[{"id":17190,"href":"https:\/\/anpej.sn\/accueil\/wp-json\/wp\/v2\/posts\/17188\/revisions\/17190"}],"wp:featuredmedia":[{"embeddable":true,"href":"https:\/\/anpej.sn\/accueil\/wp-json\/wp\/v2\/media\/17189"}],"wp:attachment":[{"href":"https:\/\/anpej.sn\/accueil\/wp-json\/wp\/v2\/media?parent=17188"}],"wp:term":[{"taxonomy":"category","embeddable":true,"href":"https:\/\/anpej.sn\/accueil\/wp-json\/wp\/v2\/categories?post=17188"},{"taxonomy":"post_tag","embeddable":true,"href":"https:\/\/anpej.sn\/accueil\/wp-json\/wp\/v2\/tags?post=17188"}],"curies":[{"name":"wp","href":"https:\/\/api.w.org\/{rel}","templated":true}]}}