{"id":17242,"date":"2025-10-10T17:43:36","date_gmt":"2025-10-10T15:43:36","guid":{"rendered":"https:\/\/anpej.sn\/accueil\/?p=17242"},"modified":"2025-10-10T17:43:37","modified_gmt":"2025-10-10T15:43:37","slug":"projet-urban-skills-un-partenariat-signe-entre-lagence-universitaire-de-la-francophonie-et-lanpej","status":"publish","type":"post","link":"https:\/\/anpej.sn\/accueil\/projet-urban-skills-un-partenariat-signe-entre-lagence-universitaire-de-la-francophonie-et-lanpej\/","title":{"rendered":"Projet URBAN SKILLS, un partenariat sign\u00e9 entre l\u2019Agence Universitaire de la Francophonie et l\u2019ANPEJ"},"content":{"rendered":"\n<p>Dans le cadre du projet URBAN SKILLS, un partenariat a \u00e9t\u00e9 sign\u00e9 entre l\u2019Agence Universitaire de la Francophonie et l\u2019ANPEJ.<\/p>\n\n\n\n<p>L\u2019objectif est de former et accompagner \u00e0 l\u2019insertion 600 jeunes dans les cr\u00e9neaux porteurs de la mobilit\u00e9 urbaine durable.<\/p>\n\n\n\n<p>Une collaboration multipartite entre AUF -ISEP THIES -ANPEJ -SETER; dans laquelle L\u2019ANPEJ se charge de :<\/p>\n\n\n\n<p>\u00b7 s\u00e9lectionner les 600 b\u00e9n\u00e9ficiaires via la tenue de 14 ateliers de sensibilisation dans toutes les r\u00e9gions.<br>\u00b7 renforcer l\u2019employabilit\u00e9 des 600 jeunes \u00e0 travers la tenue de 24 ateliers &#8220;employabilit\u00e9&#8221; pour les pr\u00e9parer \u00e0 l\u2019emploi et d\u00e9velopper leurs comp\u00e9tences transversales.<br>\u00b7 assurer l\u2019intermediation des 600 talents avec les entreprises vis\u00e9es et assurer le suivi de leur insertion<\/p>\n\n\n\n<p>Cette initiative concr\u00e8te vise \u00e0 adapter la formation aux besoins du march\u00e9 de l\u2019emploi pour une mobilit\u00e9 plus durable<\/p>\n","protected":false},"excerpt":{"rendered":"<p>Dans le cadre du projet URBAN SKILLS, un partenariat a \u00e9t\u00e9 sign\u00e9 entre l\u2019Agence Universitaire de la Francophonie et l\u2019ANPEJ. L\u2019objectif est de former et accompagner \u00e0 l\u2019insertion 600 jeunes [&hellip;]<\/p>\n","protected":false},"author":1,"featured_media":17243,"comment_status":"closed","ping_status":"closed","sticky":false,"template":"","format":"standard","meta":{"footnotes":""},"categories":[41],"tags":[],"class_list":["post-17242","post","type-post","status-publish","format-standard","has-post-thumbnail","hentry","category-actualite"],"rttpg_featured_image_url":{"full":["https:\/\/anpej.sn\/accueil\/wp-content\/uploads\/2025\/10\/a193159b-53d2-4a40-a724-b9716c0d524f.jpg",2560,1706,false],"landscape":["https:\/\/anpej.sn\/accueil\/wp-content\/uploads\/2025\/10\/a193159b-53d2-4a40-a724-b9716c0d524f.jpg",2560,1706,false],"portraits":["https:\/\/anpej.sn\/accueil\/wp-content\/uploads\/2025\/10\/a193159b-53d2-4a40-a724-b9716c0d524f.jpg",2560,1706,false],"thumbnail":["https:\/\/anpej.sn\/accueil\/wp-content\/uploads\/2025\/10\/a193159b-53d2-4a40-a724-b9716c0d524f-175x175.jpg",175,175,true],"medium":["https:\/\/anpej.sn\/accueil\/wp-content\/uploads\/2025\/10\/a193159b-53d2-4a40-a724-b9716c0d524f-600x540.jpg",600,540,true],"large":["https:\/\/anpej.sn\/accueil\/wp-content\/uploads\/2025\/10\/a193159b-53d2-4a40-a724-b9716c0d524f-1024x682.jpg",900,599,true],"post-thumbnail":["https:\/\/anpej.sn\/accueil\/wp-content\/uploads\/2025\/10\/a193159b-53d2-4a40-a724-b9716c0d524f-550x410.jpg",550,410,true],"consilox_medium":["https:\/\/anpej.sn\/accueil\/wp-content\/uploads\/2025\/10\/a193159b-53d2-4a40-a724-b9716c0d524f-550x580.jpg",550,580,true],"woocommerce_thumbnail":["https:\/\/anpej.sn\/accueil\/wp-content\/uploads\/2025\/10\/a193159b-53d2-4a40-a724-b9716c0d524f-300x300.jpg",300,300,true],"woocommerce_single":["https:\/\/anpej.sn\/accueil\/wp-content\/uploads\/2025\/10\/a193159b-53d2-4a40-a724-b9716c0d524f-600x400.jpg",600,400,true],"woocommerce_gallery_thumbnail":["https:\/\/anpej.sn\/accueil\/wp-content\/uploads\/2025\/10\/a193159b-53d2-4a40-a724-b9716c0d524f-180x180.jpg",180,180,true]},"rttpg_author":{"display_name":"admin","author_link":"https:\/\/anpej.sn\/accueil\/author\/admin\/"},"rttpg_comment":0,"rttpg_category":"<a href=\"https:\/\/anpej.sn\/accueil\/category\/actualite\/\" rel=\"category tag\">actualit\u00e9<\/a>","rttpg_excerpt":"Dans le cadre du projet URBAN SKILLS, un partenariat a \u00e9t\u00e9 sign\u00e9 entre l\u2019Agence Universitaire de la Francophonie et l\u2019ANPEJ. L\u2019objectif est de former et accompagner \u00e0 l\u2019insertion 600 jeunes [&hellip;]","_links":{"self":[{"href":"https:\/\/anpej.sn\/accueil\/wp-json\/wp\/v2\/posts\/17242","targetHints":{"allow":["GET"]}}],"collection":[{"href":"https:\/\/anpej.sn\/accueil\/wp-json\/wp\/v2\/posts"}],"about":[{"href":"https:\/\/anpej.sn\/accueil\/wp-json\/wp\/v2\/types\/post"}],"author":[{"embeddable":true,"href":"https:\/\/anpej.sn\/accueil\/wp-json\/wp\/v2\/users\/1"}],"replies":[{"embeddable":true,"href":"https:\/\/anpej.sn\/accueil\/wp-json\/wp\/v2\/comments?post=17242"}],"version-history":[{"count":1,"href":"https:\/\/anpej.sn\/accueil\/wp-json\/wp\/v2\/posts\/17242\/revisions"}],"predecessor-version":[{"id":17244,"href":"https:\/\/anpej.sn\/accueil\/wp-json\/wp\/v2\/posts\/17242\/revisions\/17244"}],"wp:featuredmedia":[{"embeddable":true,"href":"https:\/\/anpej.sn\/accueil\/wp-json\/wp\/v2\/media\/17243"}],"wp:attachment":[{"href":"https:\/\/anpej.sn\/accueil\/wp-json\/wp\/v2\/media?parent=17242"}],"wp:term":[{"taxonomy":"category","embeddable":true,"href":"https:\/\/anpej.sn\/accueil\/wp-json\/wp\/v2\/categories?post=17242"},{"taxonomy":"post_tag","embeddable":true,"href":"https:\/\/anpej.sn\/accueil\/wp-json\/wp\/v2\/tags?post=17242"}],"curies":[{"name":"wp","href":"https:\/\/api.w.org\/{rel}","templated":true}]}}