{"id":17252,"date":"2025-10-13T14:21:35","date_gmt":"2025-10-13T12:21:35","guid":{"rendered":"https:\/\/anpej.sn\/accueil\/?p=17252"},"modified":"2025-10-13T14:21:36","modified_gmt":"2025-10-13T12:21:36","slug":"ceremonie-de-cloture-de-la-fimac-larth-et-lanpej-unissent-leurs-efforts-pour-soutenir-les-jeunes-du-secteur-audiovisuel","status":"publish","type":"post","link":"https:\/\/anpej.sn\/accueil\/ceremonie-de-cloture-de-la-fimac-larth-et-lanpej-unissent-leurs-efforts-pour-soutenir-les-jeunes-du-secteur-audiovisuel\/","title":{"rendered":"C\u00e9r\u00e9monie de cl\u00f4ture de la FIMAC : l\u2019ARTH et l\u2019ANPEJ unissent leurs efforts pour soutenir les jeunes du secteur audiovisuel"},"content":{"rendered":"\n<p>Le 10 octobre, l&#8217;ARTH a particip\u00e9 \u00e0 la c\u00e9r\u00e9monie de cl\u00f4ture de la FIMAC (Formation itin\u00e9rante sur les m\u00e9tiers de l&#8217;audiovisuel et du cin\u00e9ma) organis\u00e9e par l&#8217;Association Codou Samba Lingu\u00e8re Films en entrepreneuriat avec le Centre culturel r\u00e9gional de Thi\u00e8s au profit de 25 acteurs de l&#8217;audiovisuel et du cin\u00e9ma de la r\u00e9gion. l&#8217;ANPEJ a saisi l&#8217;occasion pour pr\u00e9senter aux participants son offre de services et le dispositif institutionnel d&#8217;accompagnement des jeunes qui interviennent dans la r\u00e9gion.<\/p>\n\n\n\n<p><\/p>\n","protected":false},"excerpt":{"rendered":"<p>Le 10 octobre, l&#8217;ARTH a particip\u00e9 \u00e0 la c\u00e9r\u00e9monie de cl\u00f4ture de la FIMAC (Formation itin\u00e9rante sur les m\u00e9tiers de l&#8217;audiovisuel et du cin\u00e9ma) organis\u00e9e par l&#8217;Association Codou Samba Lingu\u00e8re [&hellip;]<\/p>\n","protected":false},"author":1,"featured_media":17253,"comment_status":"closed","ping_status":"closed","sticky":false,"template":"","format":"standard","meta":{"footnotes":""},"categories":[41],"tags":[],"class_list":["post-17252","post","type-post","status-publish","format-standard","has-post-thumbnail","hentry","category-actualite"],"rttpg_featured_image_url":{"full":["https:\/\/anpej.sn\/accueil\/wp-content\/uploads\/2025\/10\/audiov.jpg",960,1280,false],"landscape":["https:\/\/anpej.sn\/accueil\/wp-content\/uploads\/2025\/10\/audiov.jpg",960,1280,false],"portraits":["https:\/\/anpej.sn\/accueil\/wp-content\/uploads\/2025\/10\/audiov.jpg",960,1280,false],"thumbnail":["https:\/\/anpej.sn\/accueil\/wp-content\/uploads\/2025\/10\/audiov-175x175.jpg",175,175,true],"medium":["https:\/\/anpej.sn\/accueil\/wp-content\/uploads\/2025\/10\/audiov-600x540.jpg",600,540,true],"large":["https:\/\/anpej.sn\/accueil\/wp-content\/uploads\/2025\/10\/audiov-768x1024.jpg",768,1024,true],"post-thumbnail":["https:\/\/anpej.sn\/accueil\/wp-content\/uploads\/2025\/10\/audiov-550x410.jpg",550,410,true],"consilox_medium":["https:\/\/anpej.sn\/accueil\/wp-content\/uploads\/2025\/10\/audiov-550x580.jpg",550,580,true],"woocommerce_thumbnail":["https:\/\/anpej.sn\/accueil\/wp-content\/uploads\/2025\/10\/audiov-300x300.jpg",300,300,true],"woocommerce_single":["https:\/\/anpej.sn\/accueil\/wp-content\/uploads\/2025\/10\/audiov-600x800.jpg",600,800,true],"woocommerce_gallery_thumbnail":["https:\/\/anpej.sn\/accueil\/wp-content\/uploads\/2025\/10\/audiov-180x180.jpg",180,180,true]},"rttpg_author":{"display_name":"admin","author_link":"https:\/\/anpej.sn\/accueil\/author\/admin\/"},"rttpg_comment":0,"rttpg_category":"<a href=\"https:\/\/anpej.sn\/accueil\/category\/actualite\/\" rel=\"category tag\">actualit\u00e9<\/a>","rttpg_excerpt":"Le 10 octobre, l&#8217;ARTH a particip\u00e9 \u00e0 la c\u00e9r\u00e9monie de cl\u00f4ture de la FIMAC (Formation itin\u00e9rante sur les m\u00e9tiers de l&#8217;audiovisuel et du cin\u00e9ma) organis\u00e9e par l&#8217;Association Codou Samba Lingu\u00e8re [&hellip;]","_links":{"self":[{"href":"https:\/\/anpej.sn\/accueil\/wp-json\/wp\/v2\/posts\/17252","targetHints":{"allow":["GET"]}}],"collection":[{"href":"https:\/\/anpej.sn\/accueil\/wp-json\/wp\/v2\/posts"}],"about":[{"href":"https:\/\/anpej.sn\/accueil\/wp-json\/wp\/v2\/types\/post"}],"author":[{"embeddable":true,"href":"https:\/\/anpej.sn\/accueil\/wp-json\/wp\/v2\/users\/1"}],"replies":[{"embeddable":true,"href":"https:\/\/anpej.sn\/accueil\/wp-json\/wp\/v2\/comments?post=17252"}],"version-history":[{"count":1,"href":"https:\/\/anpej.sn\/accueil\/wp-json\/wp\/v2\/posts\/17252\/revisions"}],"predecessor-version":[{"id":17254,"href":"https:\/\/anpej.sn\/accueil\/wp-json\/wp\/v2\/posts\/17252\/revisions\/17254"}],"wp:featuredmedia":[{"embeddable":true,"href":"https:\/\/anpej.sn\/accueil\/wp-json\/wp\/v2\/media\/17253"}],"wp:attachment":[{"href":"https:\/\/anpej.sn\/accueil\/wp-json\/wp\/v2\/media?parent=17252"}],"wp:term":[{"taxonomy":"category","embeddable":true,"href":"https:\/\/anpej.sn\/accueil\/wp-json\/wp\/v2\/categories?post=17252"},{"taxonomy":"post_tag","embeddable":true,"href":"https:\/\/anpej.sn\/accueil\/wp-json\/wp\/v2\/tags?post=17252"}],"curies":[{"name":"wp","href":"https:\/\/api.w.org\/{rel}","templated":true}]}}