{"id":17255,"date":"2025-10-13T14:42:23","date_gmt":"2025-10-13T12:42:23","guid":{"rendered":"https:\/\/anpej.sn\/accueil\/?p=17255"},"modified":"2025-10-13T14:42:24","modified_gmt":"2025-10-13T12:42:24","slug":"participation-de-larth-au-forum-rose-sur-la-sante-lentrepreneuriat-et-la-digitalisation-a-thies","status":"publish","type":"post","link":"https:\/\/anpej.sn\/accueil\/participation-de-larth-au-forum-rose-sur-la-sante-lentrepreneuriat-et-la-digitalisation-a-thies\/","title":{"rendered":"Participation de l\u2019ARTH au Forum Rose sur la Sant\u00e9, l\u2019Entrepreneuriat et la Digitalisation \u00e0 Thi\u00e8s"},"content":{"rendered":"\n<p>Les 10 et 11 octobre, l&#8217;ARTH a particip\u00e9 au Forum rose organis\u00e9 par l&#8217;association PAMASY et plac\u00e9 sous le th\u00e8me Sant\u00e9, Entrepreneuriat et Digitalisation. Durant ces deux jours, plusieurs activit\u00e9s ont \u00e9t\u00e9 d\u00e9roul\u00e9es l&#8217;ARTH : &#8211; animation de stand pour pr\u00e9senter aux participants l&#8217;offre de services, &#8211; animation de deux panels : Panel 1 portant sur les opportunit\u00e9s d&#8217;emploi entrepreneuriat qui existent dans la r\u00e9gion de Thi\u00e8s, &#8211; Panel 2 portant sur comment booster son activit\u00e9 \u00e0 travers le digital et anim\u00e9 par le partenaire IBMS pour le compte l&#8217;ANPEJ<\/p>\n","protected":false},"excerpt":{"rendered":"<p>Les 10 et 11 octobre, l&#8217;ARTH a particip\u00e9 au Forum rose organis\u00e9 par l&#8217;association PAMASY et plac\u00e9 sous le th\u00e8me Sant\u00e9, Entrepreneuriat et Digitalisation. Durant ces deux jours, plusieurs activit\u00e9s [&hellip;]<\/p>\n","protected":false},"author":1,"featured_media":17256,"comment_status":"closed","ping_status":"closed","sticky":false,"template":"","format":"standard","meta":{"footnotes":""},"categories":[41],"tags":[],"class_list":["post-17255","post","type-post","status-publish","format-standard","has-post-thumbnail","hentry","category-actualite"],"rttpg_featured_image_url":{"full":["https:\/\/anpej.sn\/accueil\/wp-content\/uploads\/2025\/10\/forum-rose.jpg",1016,762,false],"landscape":["https:\/\/anpej.sn\/accueil\/wp-content\/uploads\/2025\/10\/forum-rose.jpg",1016,762,false],"portraits":["https:\/\/anpej.sn\/accueil\/wp-content\/uploads\/2025\/10\/forum-rose.jpg",1016,762,false],"thumbnail":["https:\/\/anpej.sn\/accueil\/wp-content\/uploads\/2025\/10\/forum-rose-175x175.jpg",175,175,true],"medium":["https:\/\/anpej.sn\/accueil\/wp-content\/uploads\/2025\/10\/forum-rose-600x540.jpg",600,540,true],"large":["https:\/\/anpej.sn\/accueil\/wp-content\/uploads\/2025\/10\/forum-rose.jpg",900,675,false],"post-thumbnail":["https:\/\/anpej.sn\/accueil\/wp-content\/uploads\/2025\/10\/forum-rose-550x410.jpg",550,410,true],"consilox_medium":["https:\/\/anpej.sn\/accueil\/wp-content\/uploads\/2025\/10\/forum-rose-550x580.jpg",550,580,true],"woocommerce_thumbnail":["https:\/\/anpej.sn\/accueil\/wp-content\/uploads\/2025\/10\/forum-rose-300x300.jpg",300,300,true],"woocommerce_single":["https:\/\/anpej.sn\/accueil\/wp-content\/uploads\/2025\/10\/forum-rose-600x450.jpg",600,450,true],"woocommerce_gallery_thumbnail":["https:\/\/anpej.sn\/accueil\/wp-content\/uploads\/2025\/10\/forum-rose-180x180.jpg",180,180,true]},"rttpg_author":{"display_name":"admin","author_link":"https:\/\/anpej.sn\/accueil\/author\/admin\/"},"rttpg_comment":0,"rttpg_category":"<a href=\"https:\/\/anpej.sn\/accueil\/category\/actualite\/\" rel=\"category tag\">actualit\u00e9<\/a>","rttpg_excerpt":"Les 10 et 11 octobre, l&#8217;ARTH a particip\u00e9 au Forum rose organis\u00e9 par l&#8217;association PAMASY et plac\u00e9 sous le th\u00e8me Sant\u00e9, Entrepreneuriat et Digitalisation. Durant ces deux jours, plusieurs activit\u00e9s [&hellip;]","_links":{"self":[{"href":"https:\/\/anpej.sn\/accueil\/wp-json\/wp\/v2\/posts\/17255","targetHints":{"allow":["GET"]}}],"collection":[{"href":"https:\/\/anpej.sn\/accueil\/wp-json\/wp\/v2\/posts"}],"about":[{"href":"https:\/\/anpej.sn\/accueil\/wp-json\/wp\/v2\/types\/post"}],"author":[{"embeddable":true,"href":"https:\/\/anpej.sn\/accueil\/wp-json\/wp\/v2\/users\/1"}],"replies":[{"embeddable":true,"href":"https:\/\/anpej.sn\/accueil\/wp-json\/wp\/v2\/comments?post=17255"}],"version-history":[{"count":1,"href":"https:\/\/anpej.sn\/accueil\/wp-json\/wp\/v2\/posts\/17255\/revisions"}],"predecessor-version":[{"id":17257,"href":"https:\/\/anpej.sn\/accueil\/wp-json\/wp\/v2\/posts\/17255\/revisions\/17257"}],"wp:featuredmedia":[{"embeddable":true,"href":"https:\/\/anpej.sn\/accueil\/wp-json\/wp\/v2\/media\/17256"}],"wp:attachment":[{"href":"https:\/\/anpej.sn\/accueil\/wp-json\/wp\/v2\/media?parent=17255"}],"wp:term":[{"taxonomy":"category","embeddable":true,"href":"https:\/\/anpej.sn\/accueil\/wp-json\/wp\/v2\/categories?post=17255"},{"taxonomy":"post_tag","embeddable":true,"href":"https:\/\/anpej.sn\/accueil\/wp-json\/wp\/v2\/tags?post=17255"}],"curies":[{"name":"wp","href":"https:\/\/api.w.org\/{rel}","templated":true}]}}