{"id":17262,"date":"2025-10-21T15:24:42","date_gmt":"2025-10-21T13:24:42","guid":{"rendered":"https:\/\/anpej.sn\/accueil\/?p=17262"},"modified":"2025-10-21T15:24:42","modified_gmt":"2025-10-21T13:24:42","slug":"visite-de-prise-de-contact-de-la-directrice-generale-de-lanpej-aupres-du-ministre-de-lemploi-et-de-la-formation-professionnelle-et-technique","status":"publish","type":"post","link":"https:\/\/anpej.sn\/accueil\/visite-de-prise-de-contact-de-la-directrice-generale-de-lanpej-aupres-du-ministre-de-lemploi-et-de-la-formation-professionnelle-et-technique\/","title":{"rendered":"Visite de prise de contact de la Directrice g\u00e9n\u00e9rale de l\u2019ANPEJ aupr\u00e8s du Ministre de l\u2019Emploi et de la Formation Professionnelle et Technique"},"content":{"rendered":"\n<p>S\u00e9ance de travail avec le Ministre de l\u2019Emploi et de la Formation Professionnelle et Technique<\/p>\n\n\n\n<p>La Directrice g\u00e9n\u00e9rale <a><\/a>de l\u2019ANPEJ, Mme Sinna Amadou GAYE, accompagn\u00e9e d\u2019une forte d\u00e9l\u00e9gation a effectu\u00e9 une visite de prise de contact aupr\u00e8s du Ministre de l\u2019Emploi et de la Formation Professionnelle et Technique, M. Amadou Moustapha Ndieck SARRE.<\/p>\n\n\n\n<p>D\u00e9sormais plac\u00e9e sous l\u2019ancrage du MEFPT, l\u2019ANPEJ a pr\u00e9sent\u00e9 ses missions, son plan strat\u00e9gique de d\u00e9veloppement et ses nouvelles orientations, align\u00e9es sur les priorit\u00e9s de l\u2019Agenda National de Transformation.<\/p>\n\n\n\n<p>Les \u00e9changes ont permis d\u2019adresser des questions strat\u00e9giques relatives \u00e0 la synergie d\u2019actions entre acteurs, la mutualisation des ressources techniques et financi\u00e8res, le d\u00e9ploiement de projets \u00e0 fort potentiel de cr\u00e9ation d\u2019emplois, le renforcement du Syst\u00e8me d\u2019Information sur le March\u00e9 de l\u2019Emploi (SIME) et une meilleure articulation des politiques de l\u2019emploi et de la formation professionnelle.<\/p>\n","protected":false},"excerpt":{"rendered":"<p>S\u00e9ance de travail avec le Ministre de l\u2019Emploi et de la Formation Professionnelle et Technique La Directrice g\u00e9n\u00e9rale de l\u2019ANPEJ, Mme Sinna Amadou GAYE, accompagn\u00e9e d\u2019une forte d\u00e9l\u00e9gation a effectu\u00e9 [&hellip;]<\/p>\n","protected":false},"author":1,"featured_media":17263,"comment_status":"closed","ping_status":"closed","sticky":false,"template":"","format":"standard","meta":{"footnotes":""},"categories":[41],"tags":[],"class_list":["post-17262","post","type-post","status-publish","format-standard","has-post-thumbnail","hentry","category-actualite"],"rttpg_featured_image_url":{"full":["https:\/\/anpej.sn\/accueil\/wp-content\/uploads\/2025\/10\/emploim.jpg",1080,719,false],"landscape":["https:\/\/anpej.sn\/accueil\/wp-content\/uploads\/2025\/10\/emploim.jpg",1080,719,false],"portraits":["https:\/\/anpej.sn\/accueil\/wp-content\/uploads\/2025\/10\/emploim.jpg",1080,719,false],"thumbnail":["https:\/\/anpej.sn\/accueil\/wp-content\/uploads\/2025\/10\/emploim-175x175.jpg",175,175,true],"medium":["https:\/\/anpej.sn\/accueil\/wp-content\/uploads\/2025\/10\/emploim-600x540.jpg",600,540,true],"large":["https:\/\/anpej.sn\/accueil\/wp-content\/uploads\/2025\/10\/emploim-1024x682.jpg",900,599,true],"post-thumbnail":["https:\/\/anpej.sn\/accueil\/wp-content\/uploads\/2025\/10\/emploim-550x410.jpg",550,410,true],"consilox_medium":["https:\/\/anpej.sn\/accueil\/wp-content\/uploads\/2025\/10\/emploim-550x580.jpg",550,580,true],"woocommerce_thumbnail":["https:\/\/anpej.sn\/accueil\/wp-content\/uploads\/2025\/10\/emploim-300x300.jpg",300,300,true],"woocommerce_single":["https:\/\/anpej.sn\/accueil\/wp-content\/uploads\/2025\/10\/emploim-600x399.jpg",600,399,true],"woocommerce_gallery_thumbnail":["https:\/\/anpej.sn\/accueil\/wp-content\/uploads\/2025\/10\/emploim-180x180.jpg",180,180,true]},"rttpg_author":{"display_name":"admin","author_link":"https:\/\/anpej.sn\/accueil\/author\/admin\/"},"rttpg_comment":0,"rttpg_category":"<a href=\"https:\/\/anpej.sn\/accueil\/category\/actualite\/\" rel=\"category tag\">actualit\u00e9<\/a>","rttpg_excerpt":"S\u00e9ance de travail avec le Ministre de l\u2019Emploi et de la Formation Professionnelle et Technique La Directrice g\u00e9n\u00e9rale de l\u2019ANPEJ, Mme Sinna Amadou GAYE, accompagn\u00e9e d\u2019une forte d\u00e9l\u00e9gation a effectu\u00e9 [&hellip;]","_links":{"self":[{"href":"https:\/\/anpej.sn\/accueil\/wp-json\/wp\/v2\/posts\/17262","targetHints":{"allow":["GET"]}}],"collection":[{"href":"https:\/\/anpej.sn\/accueil\/wp-json\/wp\/v2\/posts"}],"about":[{"href":"https:\/\/anpej.sn\/accueil\/wp-json\/wp\/v2\/types\/post"}],"author":[{"embeddable":true,"href":"https:\/\/anpej.sn\/accueil\/wp-json\/wp\/v2\/users\/1"}],"replies":[{"embeddable":true,"href":"https:\/\/anpej.sn\/accueil\/wp-json\/wp\/v2\/comments?post=17262"}],"version-history":[{"count":1,"href":"https:\/\/anpej.sn\/accueil\/wp-json\/wp\/v2\/posts\/17262\/revisions"}],"predecessor-version":[{"id":17264,"href":"https:\/\/anpej.sn\/accueil\/wp-json\/wp\/v2\/posts\/17262\/revisions\/17264"}],"wp:featuredmedia":[{"embeddable":true,"href":"https:\/\/anpej.sn\/accueil\/wp-json\/wp\/v2\/media\/17263"}],"wp:attachment":[{"href":"https:\/\/anpej.sn\/accueil\/wp-json\/wp\/v2\/media?parent=17262"}],"wp:term":[{"taxonomy":"category","embeddable":true,"href":"https:\/\/anpej.sn\/accueil\/wp-json\/wp\/v2\/categories?post=17262"},{"taxonomy":"post_tag","embeddable":true,"href":"https:\/\/anpej.sn\/accueil\/wp-json\/wp\/v2\/tags?post=17262"}],"curies":[{"name":"wp","href":"https:\/\/api.w.org\/{rel}","templated":true}]}}