{"id":17265,"date":"2025-10-22T18:00:49","date_gmt":"2025-10-22T16:00:49","guid":{"rendered":"https:\/\/anpej.sn\/accueil\/?p=17265"},"modified":"2025-10-22T18:00:49","modified_gmt":"2025-10-22T16:00:49","slug":"renforcement-des-capacites-entrepreneuriales-des-jeunes-et-femmes-en-situation-de-handicap-a-bignona","status":"publish","type":"post","link":"https:\/\/anpej.sn\/accueil\/renforcement-des-capacites-entrepreneuriales-des-jeunes-et-femmes-en-situation-de-handicap-a-bignona\/","title":{"rendered":"Renforcement des capacit\u00e9s entrepreneuriales des jeunes et femmes en situation de handicap \u00e0 Bignona"},"content":{"rendered":"\n<p>Dans le cadre du projet \u201cEmploi et Handicap_AC6\u201d, l\u2019ANPEJ, en partenariat avec l\u2019ONG Humanit\u00e9 &amp; Inclusion (HI), a organis\u00e9 une formation en entrepreneuriat inclusif \u00e0 Bignona, les 16 et 17 octobre 2025.<\/p>\n\n\n\n<p>Objectif : renforcer les capacit\u00e9s entrepreneuriales de 20 jeunes et femmes en situation de handicap afin de favoriser leur autonomisation \u00e9conomique et leur insertion socio-professionnelle \u00e0 travers la cr\u00e9ation d\u2019activit\u00e9s g\u00e9n\u00e9ratrices de revenus durables.<\/p>\n\n\n\n<p>Les participantes ma\u00eetrisent d\u00e9sormais les fondamentaux de l\u2019entrepreneuriat, disposent chacune d\u2019un projet structur\u00e9 et formalis\u00e9, et sont capables de g\u00e9rer leurs activit\u00e9s de mani\u00e8re autonome. Un dispositif d\u2019accompagnement post-formation est \u00e9galement mis en place avec les acteurs locaux pour assurer un suivi durable et personnalis\u00e9.<\/p>\n\n\n\n<p>Cette initiative s\u2019inscrit dans la dynamique d\u2019un d\u00e9veloppement \u00e9conomique inclusif et de la promotion de l\u2019employabilit\u00e9 en Casamance.<\/p>\n","protected":false},"excerpt":{"rendered":"<p>Dans le cadre du projet \u201cEmploi et Handicap_AC6\u201d, l\u2019ANPEJ, en partenariat avec l\u2019ONG Humanit\u00e9 &amp; Inclusion (HI), a organis\u00e9 une formation en entrepreneuriat inclusif \u00e0 Bignona, les 16 et 17 [&hellip;]<\/p>\n","protected":false},"author":1,"featured_media":17266,"comment_status":"closed","ping_status":"closed","sticky":false,"template":"","format":"standard","meta":{"footnotes":""},"categories":[41],"tags":[],"class_list":["post-17265","post","type-post","status-publish","format-standard","has-post-thumbnail","hentry","category-actualite"],"rttpg_featured_image_url":{"full":["https:\/\/anpej.sn\/accueil\/wp-content\/uploads\/2025\/10\/antenne-sud.jpg",1080,809,false],"landscape":["https:\/\/anpej.sn\/accueil\/wp-content\/uploads\/2025\/10\/antenne-sud.jpg",1080,809,false],"portraits":["https:\/\/anpej.sn\/accueil\/wp-content\/uploads\/2025\/10\/antenne-sud.jpg",1080,809,false],"thumbnail":["https:\/\/anpej.sn\/accueil\/wp-content\/uploads\/2025\/10\/antenne-sud-175x175.jpg",175,175,true],"medium":["https:\/\/anpej.sn\/accueil\/wp-content\/uploads\/2025\/10\/antenne-sud-600x540.jpg",600,540,true],"large":["https:\/\/anpej.sn\/accueil\/wp-content\/uploads\/2025\/10\/antenne-sud-1024x767.jpg",900,674,true],"post-thumbnail":["https:\/\/anpej.sn\/accueil\/wp-content\/uploads\/2025\/10\/antenne-sud-550x410.jpg",550,410,true],"consilox_medium":["https:\/\/anpej.sn\/accueil\/wp-content\/uploads\/2025\/10\/antenne-sud-550x580.jpg",550,580,true],"woocommerce_thumbnail":["https:\/\/anpej.sn\/accueil\/wp-content\/uploads\/2025\/10\/antenne-sud-300x300.jpg",300,300,true],"woocommerce_single":["https:\/\/anpej.sn\/accueil\/wp-content\/uploads\/2025\/10\/antenne-sud-600x449.jpg",600,449,true],"woocommerce_gallery_thumbnail":["https:\/\/anpej.sn\/accueil\/wp-content\/uploads\/2025\/10\/antenne-sud-180x180.jpg",180,180,true]},"rttpg_author":{"display_name":"admin","author_link":"https:\/\/anpej.sn\/accueil\/author\/admin\/"},"rttpg_comment":0,"rttpg_category":"<a href=\"https:\/\/anpej.sn\/accueil\/category\/actualite\/\" rel=\"category tag\">actualit\u00e9<\/a>","rttpg_excerpt":"Dans le cadre du projet \u201cEmploi et Handicap_AC6\u201d, l\u2019ANPEJ, en partenariat avec l\u2019ONG Humanit\u00e9 &amp; Inclusion (HI), a organis\u00e9 une formation en entrepreneuriat inclusif \u00e0 Bignona, les 16 et 17 [&hellip;]","_links":{"self":[{"href":"https:\/\/anpej.sn\/accueil\/wp-json\/wp\/v2\/posts\/17265","targetHints":{"allow":["GET"]}}],"collection":[{"href":"https:\/\/anpej.sn\/accueil\/wp-json\/wp\/v2\/posts"}],"about":[{"href":"https:\/\/anpej.sn\/accueil\/wp-json\/wp\/v2\/types\/post"}],"author":[{"embeddable":true,"href":"https:\/\/anpej.sn\/accueil\/wp-json\/wp\/v2\/users\/1"}],"replies":[{"embeddable":true,"href":"https:\/\/anpej.sn\/accueil\/wp-json\/wp\/v2\/comments?post=17265"}],"version-history":[{"count":1,"href":"https:\/\/anpej.sn\/accueil\/wp-json\/wp\/v2\/posts\/17265\/revisions"}],"predecessor-version":[{"id":17267,"href":"https:\/\/anpej.sn\/accueil\/wp-json\/wp\/v2\/posts\/17265\/revisions\/17267"}],"wp:featuredmedia":[{"embeddable":true,"href":"https:\/\/anpej.sn\/accueil\/wp-json\/wp\/v2\/media\/17266"}],"wp:attachment":[{"href":"https:\/\/anpej.sn\/accueil\/wp-json\/wp\/v2\/media?parent=17265"}],"wp:term":[{"taxonomy":"category","embeddable":true,"href":"https:\/\/anpej.sn\/accueil\/wp-json\/wp\/v2\/categories?post=17265"},{"taxonomy":"post_tag","embeddable":true,"href":"https:\/\/anpej.sn\/accueil\/wp-json\/wp\/v2\/tags?post=17265"}],"curies":[{"name":"wp","href":"https:\/\/api.w.org\/{rel}","templated":true}]}}