{"id":17271,"date":"2025-10-24T13:08:18","date_gmt":"2025-10-24T11:08:18","guid":{"rendered":"https:\/\/anpej.sn\/accueil\/?p=17271"},"modified":"2025-10-27T13:14:56","modified_gmt":"2025-10-27T12:14:56","slug":"lanpej-au-coeur-du-forum-sur-les-metiers-du-btp-entre-innovation-et-opportunites","status":"publish","type":"post","link":"https:\/\/anpej.sn\/accueil\/lanpej-au-coeur-du-forum-sur-les-metiers-du-btp-entre-innovation-et-opportunites\/","title":{"rendered":"L\u2019ANPEJ au c\u0153ur du Forum sur les m\u00e9tiers du BTP : entre innovation et opportunit\u00e9s"},"content":{"rendered":"\n<p>Du 16 au 18 octobre, l&#8217;ARTH a particip\u00e9 au Forum sur l&#8217;\u00e9volution des m\u00e9tiers des BTP : d\u00e9fis, innovations et opportunit\u00e9s organis\u00e9 par Sylla Entrepreneurship and Business Services. Ce forum qui s&#8217;est tenu au Centre Socio\u00e9ducatif de Saly, \u00e9tait l&#8217;occasion pour l&#8217;ANPEJ de pr\u00e9senter son offre de services \u00e0 des centaines de visiteurs, d&#8217;enr\u00f4ler 49 jeunes \u00e9voluant dans les m\u00e9tiers du BTP dans sa base de donn\u00e9es et de participer \u00e0 la table ronde dont le th\u00e8me portait sur les opportunit\u00e9s de formation, d&#8217;emploi et de financement qui existent dans la r\u00e9gion de Thi\u00e8s<\/p>\n\n\n\n<p><\/p>\n","protected":false},"excerpt":{"rendered":"<p>Du 16 au 18 octobre, l&#8217;ARTH a particip\u00e9 au Forum sur l&#8217;\u00e9volution des m\u00e9tiers des BTP : d\u00e9fis, innovations et opportunit\u00e9s organis\u00e9 par Sylla Entrepreneurship and Business Services. Ce forum [&hellip;]<\/p>\n","protected":false},"author":1,"featured_media":17272,"comment_status":"closed","ping_status":"closed","sticky":false,"template":"","format":"standard","meta":{"footnotes":""},"categories":[41],"tags":[],"class_list":["post-17271","post","type-post","status-publish","format-standard","has-post-thumbnail","hentry","category-actualite"],"rttpg_featured_image_url":{"full":["https:\/\/anpej.sn\/accueil\/wp-content\/uploads\/2025\/10\/forum-saly.jpg",780,1040,false],"landscape":["https:\/\/anpej.sn\/accueil\/wp-content\/uploads\/2025\/10\/forum-saly.jpg",780,1040,false],"portraits":["https:\/\/anpej.sn\/accueil\/wp-content\/uploads\/2025\/10\/forum-saly.jpg",780,1040,false],"thumbnail":["https:\/\/anpej.sn\/accueil\/wp-content\/uploads\/2025\/10\/forum-saly-175x175.jpg",175,175,true],"medium":["https:\/\/anpej.sn\/accueil\/wp-content\/uploads\/2025\/10\/forum-saly-600x540.jpg",600,540,true],"large":["https:\/\/anpej.sn\/accueil\/wp-content\/uploads\/2025\/10\/forum-saly-768x1024.jpg",768,1024,true],"post-thumbnail":["https:\/\/anpej.sn\/accueil\/wp-content\/uploads\/2025\/10\/forum-saly-550x410.jpg",550,410,true],"consilox_medium":["https:\/\/anpej.sn\/accueil\/wp-content\/uploads\/2025\/10\/forum-saly-550x580.jpg",550,580,true],"woocommerce_thumbnail":["https:\/\/anpej.sn\/accueil\/wp-content\/uploads\/2025\/10\/forum-saly-300x300.jpg",300,300,true],"woocommerce_single":["https:\/\/anpej.sn\/accueil\/wp-content\/uploads\/2025\/10\/forum-saly-600x800.jpg",600,800,true],"woocommerce_gallery_thumbnail":["https:\/\/anpej.sn\/accueil\/wp-content\/uploads\/2025\/10\/forum-saly-180x180.jpg",180,180,true]},"rttpg_author":{"display_name":"admin","author_link":"https:\/\/anpej.sn\/accueil\/author\/admin\/"},"rttpg_comment":0,"rttpg_category":"<a href=\"https:\/\/anpej.sn\/accueil\/category\/actualite\/\" rel=\"category tag\">actualit\u00e9<\/a>","rttpg_excerpt":"Du 16 au 18 octobre, l&#8217;ARTH a particip\u00e9 au Forum sur l&#8217;\u00e9volution des m\u00e9tiers des BTP : d\u00e9fis, innovations et opportunit\u00e9s organis\u00e9 par Sylla Entrepreneurship and Business Services. Ce forum [&hellip;]","_links":{"self":[{"href":"https:\/\/anpej.sn\/accueil\/wp-json\/wp\/v2\/posts\/17271","targetHints":{"allow":["GET"]}}],"collection":[{"href":"https:\/\/anpej.sn\/accueil\/wp-json\/wp\/v2\/posts"}],"about":[{"href":"https:\/\/anpej.sn\/accueil\/wp-json\/wp\/v2\/types\/post"}],"author":[{"embeddable":true,"href":"https:\/\/anpej.sn\/accueil\/wp-json\/wp\/v2\/users\/1"}],"replies":[{"embeddable":true,"href":"https:\/\/anpej.sn\/accueil\/wp-json\/wp\/v2\/comments?post=17271"}],"version-history":[{"count":1,"href":"https:\/\/anpej.sn\/accueil\/wp-json\/wp\/v2\/posts\/17271\/revisions"}],"predecessor-version":[{"id":17273,"href":"https:\/\/anpej.sn\/accueil\/wp-json\/wp\/v2\/posts\/17271\/revisions\/17273"}],"wp:featuredmedia":[{"embeddable":true,"href":"https:\/\/anpej.sn\/accueil\/wp-json\/wp\/v2\/media\/17272"}],"wp:attachment":[{"href":"https:\/\/anpej.sn\/accueil\/wp-json\/wp\/v2\/media?parent=17271"}],"wp:term":[{"taxonomy":"category","embeddable":true,"href":"https:\/\/anpej.sn\/accueil\/wp-json\/wp\/v2\/categories?post=17271"},{"taxonomy":"post_tag","embeddable":true,"href":"https:\/\/anpej.sn\/accueil\/wp-json\/wp\/v2\/tags?post=17271"}],"curies":[{"name":"wp","href":"https:\/\/api.w.org\/{rel}","templated":true}]}}