{"id":17287,"date":"2025-10-28T14:35:05","date_gmt":"2025-10-28T13:35:05","guid":{"rendered":"https:\/\/anpej.sn\/accueil\/?p=17287"},"modified":"2025-10-28T14:35:05","modified_gmt":"2025-10-28T13:35:05","slug":"lanpej-participe-a-la-ceremonie-de-cloture-du-programme-2fep-sur-le-leadership-et-linnovation-numerique","status":"publish","type":"post","link":"https:\/\/anpej.sn\/accueil\/lanpej-participe-a-la-ceremonie-de-cloture-du-programme-2fep-sur-le-leadership-et-linnovation-numerique\/","title":{"rendered":"L\u2019ANPEJ participe \u00e0 la c\u00e9r\u00e9monie de cl\u00f4ture du programme 2FEP sur le leadership et l\u2019innovation num\u00e9rique"},"content":{"rendered":"\n<p>Le samedi 25 octobre, l&#8217;ARTH a pris part \u00e0 la c\u00e9r\u00e9monie de cl\u00f4ture de la formation sur le Leadership, l&#8217;Entrepreneuriat num\u00e9rique, le Marketing digital et l&#8217;Intelligence artificielle dans le cadre du programme Formation des Futurs Entrepreneurs Panafricains (2FEP). Cette invitation de l&#8217;Alliance des Citoyens d&#8217;Afrique en partenariat avec l&#8217;incubateur WOMMATE a vu la participation de 25 jeunes du 26 juillet au 11 octobre 2025. Cette c\u00e9r\u00e9monie marqu\u00e9e par plusieurs activit\u00e9s et qui a vu la participation d&#8217;une centaine de personnes, \u00e9tait l&#8217;occasion pour l&#8217;ANPEJ de participer au panel sous le th\u00e8me &#8220;Jeunesse africaine : du dipl\u00f4me aux comp\u00e9tences, b\u00e2tir son avenir autrement&#8221; et aussi de pr\u00e9senter aux participants son offre de services.<\/p>\n","protected":false},"excerpt":{"rendered":"<p>Le samedi 25 octobre, l&#8217;ARTH a pris part \u00e0 la c\u00e9r\u00e9monie de cl\u00f4ture de la formation sur le Leadership, l&#8217;Entrepreneuriat num\u00e9rique, le Marketing digital et l&#8217;Intelligence artificielle dans le cadre [&hellip;]<\/p>\n","protected":false},"author":1,"featured_media":17288,"comment_status":"closed","ping_status":"closed","sticky":false,"template":"","format":"standard","meta":{"footnotes":""},"categories":[41],"tags":[],"class_list":["post-17287","post","type-post","status-publish","format-standard","has-post-thumbnail","hentry","category-actualite"],"rttpg_featured_image_url":{"full":["https:\/\/anpej.sn\/accueil\/wp-content\/uploads\/2025\/10\/b23cec28-6b3f-4369-add3-fe4c25866dc3.jpg",810,1080,false],"landscape":["https:\/\/anpej.sn\/accueil\/wp-content\/uploads\/2025\/10\/b23cec28-6b3f-4369-add3-fe4c25866dc3.jpg",810,1080,false],"portraits":["https:\/\/anpej.sn\/accueil\/wp-content\/uploads\/2025\/10\/b23cec28-6b3f-4369-add3-fe4c25866dc3.jpg",810,1080,false],"thumbnail":["https:\/\/anpej.sn\/accueil\/wp-content\/uploads\/2025\/10\/b23cec28-6b3f-4369-add3-fe4c25866dc3-175x175.jpg",175,175,true],"medium":["https:\/\/anpej.sn\/accueil\/wp-content\/uploads\/2025\/10\/b23cec28-6b3f-4369-add3-fe4c25866dc3-600x540.jpg",600,540,true],"large":["https:\/\/anpej.sn\/accueil\/wp-content\/uploads\/2025\/10\/b23cec28-6b3f-4369-add3-fe4c25866dc3-768x1024.jpg",768,1024,true],"post-thumbnail":["https:\/\/anpej.sn\/accueil\/wp-content\/uploads\/2025\/10\/b23cec28-6b3f-4369-add3-fe4c25866dc3-550x410.jpg",550,410,true],"consilox_medium":["https:\/\/anpej.sn\/accueil\/wp-content\/uploads\/2025\/10\/b23cec28-6b3f-4369-add3-fe4c25866dc3-550x580.jpg",550,580,true],"woocommerce_thumbnail":["https:\/\/anpej.sn\/accueil\/wp-content\/uploads\/2025\/10\/b23cec28-6b3f-4369-add3-fe4c25866dc3-300x300.jpg",300,300,true],"woocommerce_single":["https:\/\/anpej.sn\/accueil\/wp-content\/uploads\/2025\/10\/b23cec28-6b3f-4369-add3-fe4c25866dc3-600x800.jpg",600,800,true],"woocommerce_gallery_thumbnail":["https:\/\/anpej.sn\/accueil\/wp-content\/uploads\/2025\/10\/b23cec28-6b3f-4369-add3-fe4c25866dc3-180x180.jpg",180,180,true]},"rttpg_author":{"display_name":"admin","author_link":"https:\/\/anpej.sn\/accueil\/author\/admin\/"},"rttpg_comment":0,"rttpg_category":"<a href=\"https:\/\/anpej.sn\/accueil\/category\/actualite\/\" rel=\"category tag\">actualit\u00e9<\/a>","rttpg_excerpt":"Le samedi 25 octobre, l&#8217;ARTH a pris part \u00e0 la c\u00e9r\u00e9monie de cl\u00f4ture de la formation sur le Leadership, l&#8217;Entrepreneuriat num\u00e9rique, le Marketing digital et l&#8217;Intelligence artificielle dans le cadre [&hellip;]","_links":{"self":[{"href":"https:\/\/anpej.sn\/accueil\/wp-json\/wp\/v2\/posts\/17287","targetHints":{"allow":["GET"]}}],"collection":[{"href":"https:\/\/anpej.sn\/accueil\/wp-json\/wp\/v2\/posts"}],"about":[{"href":"https:\/\/anpej.sn\/accueil\/wp-json\/wp\/v2\/types\/post"}],"author":[{"embeddable":true,"href":"https:\/\/anpej.sn\/accueil\/wp-json\/wp\/v2\/users\/1"}],"replies":[{"embeddable":true,"href":"https:\/\/anpej.sn\/accueil\/wp-json\/wp\/v2\/comments?post=17287"}],"version-history":[{"count":1,"href":"https:\/\/anpej.sn\/accueil\/wp-json\/wp\/v2\/posts\/17287\/revisions"}],"predecessor-version":[{"id":17289,"href":"https:\/\/anpej.sn\/accueil\/wp-json\/wp\/v2\/posts\/17287\/revisions\/17289"}],"wp:featuredmedia":[{"embeddable":true,"href":"https:\/\/anpej.sn\/accueil\/wp-json\/wp\/v2\/media\/17288"}],"wp:attachment":[{"href":"https:\/\/anpej.sn\/accueil\/wp-json\/wp\/v2\/media?parent=17287"}],"wp:term":[{"taxonomy":"category","embeddable":true,"href":"https:\/\/anpej.sn\/accueil\/wp-json\/wp\/v2\/categories?post=17287"},{"taxonomy":"post_tag","embeddable":true,"href":"https:\/\/anpej.sn\/accueil\/wp-json\/wp\/v2\/tags?post=17287"}],"curies":[{"name":"wp","href":"https:\/\/api.w.org\/{rel}","templated":true}]}}