{"id":17296,"date":"2025-10-29T17:39:35","date_gmt":"2025-10-29T16:39:35","guid":{"rendered":"https:\/\/anpej.sn\/accueil\/?p=17296"},"modified":"2025-10-29T17:39:36","modified_gmt":"2025-10-29T16:39:36","slug":"formation-en-entrepreneuriat-pour-jeunes-filles-descolarisees-lanpej-et-declic-renforcent-les-capacites-de-30-beneficiaires-du-programme-salmaitou","status":"publish","type":"post","link":"https:\/\/anpej.sn\/accueil\/formation-en-entrepreneuriat-pour-jeunes-filles-descolarisees-lanpej-et-declic-renforcent-les-capacites-de-30-beneficiaires-du-programme-salmaitou\/","title":{"rendered":"Formation en entrepreneuriat pour jeunes filles d\u00e9scolaris\u00e9es : l\u2019ANPEJ et DECLIC renforcent les capacit\u00e9s de 30 b\u00e9n\u00e9ficiaires du programme Salmaitou"},"content":{"rendered":"\n<p>Dans le cadre du programme d\u2019accompagnement \u00e0 l\u2019entrepreneuriat des jeunes filles d\u00e9scolaris\u00e9es du programme Salmaitou, l\u2019ANPEJ, en partenariat avec l\u2019initiative DECLIC, a organis\u00e9 une session de formation pratique au profit de 30 jeunes filles \u00e0 la Salle de formation de l\u2019ANPEJ, Yamatogne (Ancienne Mairie).<\/p>\n\n\n\n<p>P\u00e9riode : du 16 au 17 octobre 2025<\/p>\n\n\n\n<p>Objectif global :<br>Accompagner les jeunes filles d\u00e9scolaris\u00e9es dans la structuration de leurs id\u00e9es et l\u2019\u00e9laboration de plans d\u2019affaires solides, afin de faciliter leur acc\u00e8s \u00e0 un accompagnement professionnel et \u00e0 des opportunit\u00e9s de financement.<\/p>\n\n\n\n<p>Objectifs sp\u00e9cifiques :<br>\u2022 Identifier et analyser les besoins sp\u00e9cifiques des 30 participantes concernant la structuration de leurs projets.<br>\u2022 Stimuler l\u2019id\u00e9ation de projets \u00e0 travers des exercices pratiques et des \u00e9changes dynamiques pour transformer les id\u00e9es en initiatives concr\u00e8tes.<br>\u2022 Permettre aux filles de ma\u00eetriser le Business Model Canvas (BMC) pour clarifier leur proposition de valeur, leurs segments de clients, leurs canaux et leurs ressources cl\u00e9s.<br>\u2022 Renforcer leurs capacit\u00e9s pour l\u2019\u00e9laboration des fiches d\u2019identification de projet, \u00e9tape essentielle pour tout accompagnement futur.<\/p>\n\n\n\n<p>\u00c0 l\u2019issue de ces deux jours de formation, plusieurs projets innovants ont \u00e9t\u00e9 identifi\u00e9s et structur\u00e9s. Un suivi post-formation est pr\u00e9vu afin d\u2019assurer la maturation des id\u00e9es et de favoriser leur passage \u00e0 la mise en \u0153uvre.<\/p>\n","protected":false},"excerpt":{"rendered":"<p>Dans le cadre du programme d\u2019accompagnement \u00e0 l\u2019entrepreneuriat des jeunes filles d\u00e9scolaris\u00e9es du programme Salmaitou, l\u2019ANPEJ, en partenariat avec l\u2019initiative DECLIC, a organis\u00e9 une session de formation pratique au profit [&hellip;]<\/p>\n","protected":false},"author":1,"featured_media":17297,"comment_status":"closed","ping_status":"closed","sticky":false,"template":"","format":"standard","meta":{"footnotes":""},"categories":[41],"tags":[],"class_list":["post-17296","post","type-post","status-publish","format-standard","has-post-thumbnail","hentry","category-actualite"],"rttpg_featured_image_url":{"full":["https:\/\/anpej.sn\/accueil\/wp-content\/uploads\/2025\/10\/69761bb4-6abf-436f-9e0d-50950908ade1.jpg",1080,810,false],"landscape":["https:\/\/anpej.sn\/accueil\/wp-content\/uploads\/2025\/10\/69761bb4-6abf-436f-9e0d-50950908ade1.jpg",1080,810,false],"portraits":["https:\/\/anpej.sn\/accueil\/wp-content\/uploads\/2025\/10\/69761bb4-6abf-436f-9e0d-50950908ade1.jpg",1080,810,false],"thumbnail":["https:\/\/anpej.sn\/accueil\/wp-content\/uploads\/2025\/10\/69761bb4-6abf-436f-9e0d-50950908ade1-175x175.jpg",175,175,true],"medium":["https:\/\/anpej.sn\/accueil\/wp-content\/uploads\/2025\/10\/69761bb4-6abf-436f-9e0d-50950908ade1-600x540.jpg",600,540,true],"large":["https:\/\/anpej.sn\/accueil\/wp-content\/uploads\/2025\/10\/69761bb4-6abf-436f-9e0d-50950908ade1-1024x768.jpg",900,675,true],"post-thumbnail":["https:\/\/anpej.sn\/accueil\/wp-content\/uploads\/2025\/10\/69761bb4-6abf-436f-9e0d-50950908ade1-550x410.jpg",550,410,true],"consilox_medium":["https:\/\/anpej.sn\/accueil\/wp-content\/uploads\/2025\/10\/69761bb4-6abf-436f-9e0d-50950908ade1-550x580.jpg",550,580,true],"woocommerce_thumbnail":["https:\/\/anpej.sn\/accueil\/wp-content\/uploads\/2025\/10\/69761bb4-6abf-436f-9e0d-50950908ade1-300x300.jpg",300,300,true],"woocommerce_single":["https:\/\/anpej.sn\/accueil\/wp-content\/uploads\/2025\/10\/69761bb4-6abf-436f-9e0d-50950908ade1-600x450.jpg",600,450,true],"woocommerce_gallery_thumbnail":["https:\/\/anpej.sn\/accueil\/wp-content\/uploads\/2025\/10\/69761bb4-6abf-436f-9e0d-50950908ade1-180x180.jpg",180,180,true]},"rttpg_author":{"display_name":"admin","author_link":"https:\/\/anpej.sn\/accueil\/author\/admin\/"},"rttpg_comment":0,"rttpg_category":"<a href=\"https:\/\/anpej.sn\/accueil\/category\/actualite\/\" rel=\"category tag\">actualit\u00e9<\/a>","rttpg_excerpt":"Dans le cadre du programme d\u2019accompagnement \u00e0 l\u2019entrepreneuriat des jeunes filles d\u00e9scolaris\u00e9es du programme Salmaitou, l\u2019ANPEJ, en partenariat avec l\u2019initiative DECLIC, a organis\u00e9 une session de formation pratique au profit [&hellip;]","_links":{"self":[{"href":"https:\/\/anpej.sn\/accueil\/wp-json\/wp\/v2\/posts\/17296","targetHints":{"allow":["GET"]}}],"collection":[{"href":"https:\/\/anpej.sn\/accueil\/wp-json\/wp\/v2\/posts"}],"about":[{"href":"https:\/\/anpej.sn\/accueil\/wp-json\/wp\/v2\/types\/post"}],"author":[{"embeddable":true,"href":"https:\/\/anpej.sn\/accueil\/wp-json\/wp\/v2\/users\/1"}],"replies":[{"embeddable":true,"href":"https:\/\/anpej.sn\/accueil\/wp-json\/wp\/v2\/comments?post=17296"}],"version-history":[{"count":1,"href":"https:\/\/anpej.sn\/accueil\/wp-json\/wp\/v2\/posts\/17296\/revisions"}],"predecessor-version":[{"id":17298,"href":"https:\/\/anpej.sn\/accueil\/wp-json\/wp\/v2\/posts\/17296\/revisions\/17298"}],"wp:featuredmedia":[{"embeddable":true,"href":"https:\/\/anpej.sn\/accueil\/wp-json\/wp\/v2\/media\/17297"}],"wp:attachment":[{"href":"https:\/\/anpej.sn\/accueil\/wp-json\/wp\/v2\/media?parent=17296"}],"wp:term":[{"taxonomy":"category","embeddable":true,"href":"https:\/\/anpej.sn\/accueil\/wp-json\/wp\/v2\/categories?post=17296"},{"taxonomy":"post_tag","embeddable":true,"href":"https:\/\/anpej.sn\/accueil\/wp-json\/wp\/v2\/tags?post=17296"}],"curies":[{"name":"wp","href":"https:\/\/api.w.org\/{rel}","templated":true}]}}