{"id":17302,"date":"2025-10-31T09:47:35","date_gmt":"2025-10-31T08:47:35","guid":{"rendered":"https:\/\/anpej.sn\/accueil\/?p=17302"},"modified":"2025-10-31T09:47:36","modified_gmt":"2025-10-31T08:47:36","slug":"session-de-formation-en-entrepreneuriat-en-partenariat-avec-amref-health-africa","status":"publish","type":"post","link":"https:\/\/anpej.sn\/accueil\/session-de-formation-en-entrepreneuriat-en-partenariat-avec-amref-health-africa\/","title":{"rendered":"Session de formation en entrepreneuriat en partenariat avec Amref Health Africa"},"content":{"rendered":"\n<p>Les 27, 28 et 29 octobre, l&#8217;ARTH en partenariat avec Amref Health africa a anim\u00e9 une session de formation en entrepreneuriat. Durant trois jours, les capacit\u00e9s de 31 jeunes handicap\u00e9s membres de l&#8217;association Handicap FORMEDUC (formation, \u00e9ducation et culture) sont renforc\u00e9es sur : &#8211; le d\u00e9veloppement de l&#8217;esprit d&#8217;entreprise, &#8211; la proc\u00e9dure de formalisation d&#8217;une entreprise individuelle et d&#8217;un GIE, &#8211; la gestion financi\u00e8re et &#8211; l&#8217;\u00e9ducation financi\u00e8re.<\/p>\n\n\n\n<p><\/p>\n","protected":false},"excerpt":{"rendered":"<p>Les 27, 28 et 29 octobre, l&#8217;ARTH en partenariat avec Amref Health africa a anim\u00e9 une session de formation en entrepreneuriat. Durant trois jours, les capacit\u00e9s de 31 jeunes handicap\u00e9s [&hellip;]<\/p>\n","protected":false},"author":1,"featured_media":17303,"comment_status":"closed","ping_status":"closed","sticky":false,"template":"","format":"standard","meta":{"footnotes":""},"categories":[41],"tags":[],"class_list":["post-17302","post","type-post","status-publish","format-standard","has-post-thumbnail","hentry","category-actualite"],"rttpg_featured_image_url":{"full":["https:\/\/anpej.sn\/accueil\/wp-content\/uploads\/2025\/10\/thies.jpg",1020,765,false],"landscape":["https:\/\/anpej.sn\/accueil\/wp-content\/uploads\/2025\/10\/thies.jpg",1020,765,false],"portraits":["https:\/\/anpej.sn\/accueil\/wp-content\/uploads\/2025\/10\/thies.jpg",1020,765,false],"thumbnail":["https:\/\/anpej.sn\/accueil\/wp-content\/uploads\/2025\/10\/thies-175x175.jpg",175,175,true],"medium":["https:\/\/anpej.sn\/accueil\/wp-content\/uploads\/2025\/10\/thies-600x540.jpg",600,540,true],"large":["https:\/\/anpej.sn\/accueil\/wp-content\/uploads\/2025\/10\/thies.jpg",900,675,false],"post-thumbnail":["https:\/\/anpej.sn\/accueil\/wp-content\/uploads\/2025\/10\/thies-550x410.jpg",550,410,true],"consilox_medium":["https:\/\/anpej.sn\/accueil\/wp-content\/uploads\/2025\/10\/thies-550x580.jpg",550,580,true],"woocommerce_thumbnail":["https:\/\/anpej.sn\/accueil\/wp-content\/uploads\/2025\/10\/thies-300x300.jpg",300,300,true],"woocommerce_single":["https:\/\/anpej.sn\/accueil\/wp-content\/uploads\/2025\/10\/thies-600x450.jpg",600,450,true],"woocommerce_gallery_thumbnail":["https:\/\/anpej.sn\/accueil\/wp-content\/uploads\/2025\/10\/thies-180x180.jpg",180,180,true]},"rttpg_author":{"display_name":"admin","author_link":"https:\/\/anpej.sn\/accueil\/author\/admin\/"},"rttpg_comment":0,"rttpg_category":"<a href=\"https:\/\/anpej.sn\/accueil\/category\/actualite\/\" rel=\"category tag\">actualit\u00e9<\/a>","rttpg_excerpt":"Les 27, 28 et 29 octobre, l&#8217;ARTH en partenariat avec Amref Health africa a anim\u00e9 une session de formation en entrepreneuriat. Durant trois jours, les capacit\u00e9s de 31 jeunes handicap\u00e9s [&hellip;]","_links":{"self":[{"href":"https:\/\/anpej.sn\/accueil\/wp-json\/wp\/v2\/posts\/17302","targetHints":{"allow":["GET"]}}],"collection":[{"href":"https:\/\/anpej.sn\/accueil\/wp-json\/wp\/v2\/posts"}],"about":[{"href":"https:\/\/anpej.sn\/accueil\/wp-json\/wp\/v2\/types\/post"}],"author":[{"embeddable":true,"href":"https:\/\/anpej.sn\/accueil\/wp-json\/wp\/v2\/users\/1"}],"replies":[{"embeddable":true,"href":"https:\/\/anpej.sn\/accueil\/wp-json\/wp\/v2\/comments?post=17302"}],"version-history":[{"count":1,"href":"https:\/\/anpej.sn\/accueil\/wp-json\/wp\/v2\/posts\/17302\/revisions"}],"predecessor-version":[{"id":17304,"href":"https:\/\/anpej.sn\/accueil\/wp-json\/wp\/v2\/posts\/17302\/revisions\/17304"}],"wp:featuredmedia":[{"embeddable":true,"href":"https:\/\/anpej.sn\/accueil\/wp-json\/wp\/v2\/media\/17303"}],"wp:attachment":[{"href":"https:\/\/anpej.sn\/accueil\/wp-json\/wp\/v2\/media?parent=17302"}],"wp:term":[{"taxonomy":"category","embeddable":true,"href":"https:\/\/anpej.sn\/accueil\/wp-json\/wp\/v2\/categories?post=17302"},{"taxonomy":"post_tag","embeddable":true,"href":"https:\/\/anpej.sn\/accueil\/wp-json\/wp\/v2\/tags?post=17302"}],"curies":[{"name":"wp","href":"https:\/\/api.w.org\/{rel}","templated":true}]}}