{"id":17308,"date":"2025-11-01T22:54:31","date_gmt":"2025-11-01T21:54:31","guid":{"rendered":"https:\/\/anpej.sn\/accueil\/?p=17308"},"modified":"2025-11-01T22:54:31","modified_gmt":"2025-11-01T21:54:31","slug":"renforcement-des-capacites-des-jeunes-en-entrepreneuriat-et-techniques-de-recherche-demploi-a-thies","status":"publish","type":"post","link":"https:\/\/anpej.sn\/accueil\/renforcement-des-capacites-des-jeunes-en-entrepreneuriat-et-techniques-de-recherche-demploi-a-thies\/","title":{"rendered":"Renforcement des capacit\u00e9s des jeunes en entrepreneuriat et techniques de recherche d\u2019emploi \u00e0 Thi\u00e8s"},"content":{"rendered":"\n<p>Les 25, 27, 28 et 29 octobre, l&#8217;ARTH en partenariat avec GALIMATECH a anim\u00e9 une session de formation en Entrepreneuriat*et sur les *Techniques de recherche d&#8217;emploi au P\u00f4le Emploi et Entrepreneuriat des Femmes et des Jeunes de Thi\u00e8s. Durant 04 jours, les capacit\u00e9s de 20 jeunes sont renforc\u00e9es sur : &#8211; les techniques d&#8217;identification et de validation d&#8217;une id\u00e9e de projet, &#8211; les fondamentaux sur la cr\u00e9ation et la gestion d&#8217;entreprise, &#8211; les techniques de r\u00e9daction d&#8217;un CV d\u00e9butant, &#8211; les techniques de r\u00e9daction d&#8217;une lettre de motivation, &#8211; la pr\u00e9paration \u00e0 l&#8217;entretien d&#8217;embauche.<\/p>\n","protected":false},"excerpt":{"rendered":"<p>Les 25, 27, 28 et 29 octobre, l&#8217;ARTH en partenariat avec GALIMATECH a anim\u00e9 une session de formation en Entrepreneuriat*et sur les *Techniques de recherche d&#8217;emploi au P\u00f4le Emploi et [&hellip;]<\/p>\n","protected":false},"author":1,"featured_media":17309,"comment_status":"closed","ping_status":"closed","sticky":false,"template":"","format":"standard","meta":{"footnotes":""},"categories":[41],"tags":[],"class_list":["post-17308","post","type-post","status-publish","format-standard","has-post-thumbnail","hentry","category-actualite"],"rttpg_featured_image_url":{"full":["https:\/\/anpej.sn\/accueil\/wp-content\/uploads\/2025\/11\/385fb876-6a2e-4984-a6d7-954c9ffe82dc.jpg",1280,960,false],"landscape":["https:\/\/anpej.sn\/accueil\/wp-content\/uploads\/2025\/11\/385fb876-6a2e-4984-a6d7-954c9ffe82dc.jpg",1280,960,false],"portraits":["https:\/\/anpej.sn\/accueil\/wp-content\/uploads\/2025\/11\/385fb876-6a2e-4984-a6d7-954c9ffe82dc.jpg",1280,960,false],"thumbnail":["https:\/\/anpej.sn\/accueil\/wp-content\/uploads\/2025\/11\/385fb876-6a2e-4984-a6d7-954c9ffe82dc-175x175.jpg",175,175,true],"medium":["https:\/\/anpej.sn\/accueil\/wp-content\/uploads\/2025\/11\/385fb876-6a2e-4984-a6d7-954c9ffe82dc-600x540.jpg",600,540,true],"large":["https:\/\/anpej.sn\/accueil\/wp-content\/uploads\/2025\/11\/385fb876-6a2e-4984-a6d7-954c9ffe82dc-1024x768.jpg",900,675,true],"post-thumbnail":["https:\/\/anpej.sn\/accueil\/wp-content\/uploads\/2025\/11\/385fb876-6a2e-4984-a6d7-954c9ffe82dc-550x410.jpg",550,410,true],"consilox_medium":["https:\/\/anpej.sn\/accueil\/wp-content\/uploads\/2025\/11\/385fb876-6a2e-4984-a6d7-954c9ffe82dc-550x580.jpg",550,580,true],"woocommerce_thumbnail":["https:\/\/anpej.sn\/accueil\/wp-content\/uploads\/2025\/11\/385fb876-6a2e-4984-a6d7-954c9ffe82dc-300x300.jpg",300,300,true],"woocommerce_single":["https:\/\/anpej.sn\/accueil\/wp-content\/uploads\/2025\/11\/385fb876-6a2e-4984-a6d7-954c9ffe82dc-600x450.jpg",600,450,true],"woocommerce_gallery_thumbnail":["https:\/\/anpej.sn\/accueil\/wp-content\/uploads\/2025\/11\/385fb876-6a2e-4984-a6d7-954c9ffe82dc-180x180.jpg",180,180,true]},"rttpg_author":{"display_name":"admin","author_link":"https:\/\/anpej.sn\/accueil\/author\/admin\/"},"rttpg_comment":0,"rttpg_category":"<a href=\"https:\/\/anpej.sn\/accueil\/category\/actualite\/\" rel=\"category tag\">actualit\u00e9<\/a>","rttpg_excerpt":"Les 25, 27, 28 et 29 octobre, l&#8217;ARTH en partenariat avec GALIMATECH a anim\u00e9 une session de formation en Entrepreneuriat*et sur les *Techniques de recherche d&#8217;emploi au P\u00f4le Emploi et [&hellip;]","_links":{"self":[{"href":"https:\/\/anpej.sn\/accueil\/wp-json\/wp\/v2\/posts\/17308","targetHints":{"allow":["GET"]}}],"collection":[{"href":"https:\/\/anpej.sn\/accueil\/wp-json\/wp\/v2\/posts"}],"about":[{"href":"https:\/\/anpej.sn\/accueil\/wp-json\/wp\/v2\/types\/post"}],"author":[{"embeddable":true,"href":"https:\/\/anpej.sn\/accueil\/wp-json\/wp\/v2\/users\/1"}],"replies":[{"embeddable":true,"href":"https:\/\/anpej.sn\/accueil\/wp-json\/wp\/v2\/comments?post=17308"}],"version-history":[{"count":1,"href":"https:\/\/anpej.sn\/accueil\/wp-json\/wp\/v2\/posts\/17308\/revisions"}],"predecessor-version":[{"id":17310,"href":"https:\/\/anpej.sn\/accueil\/wp-json\/wp\/v2\/posts\/17308\/revisions\/17310"}],"wp:featuredmedia":[{"embeddable":true,"href":"https:\/\/anpej.sn\/accueil\/wp-json\/wp\/v2\/media\/17309"}],"wp:attachment":[{"href":"https:\/\/anpej.sn\/accueil\/wp-json\/wp\/v2\/media?parent=17308"}],"wp:term":[{"taxonomy":"category","embeddable":true,"href":"https:\/\/anpej.sn\/accueil\/wp-json\/wp\/v2\/categories?post=17308"},{"taxonomy":"post_tag","embeddable":true,"href":"https:\/\/anpej.sn\/accueil\/wp-json\/wp\/v2\/tags?post=17308"}],"curies":[{"name":"wp","href":"https:\/\/api.w.org\/{rel}","templated":true}]}}