{"id":17323,"date":"2025-11-17T11:59:21","date_gmt":"2025-11-17T10:59:21","guid":{"rendered":"https:\/\/anpej.sn\/accueil\/?p=17323"},"modified":"2025-11-17T11:59:21","modified_gmt":"2025-11-17T10:59:21","slug":"participation-de-lanpej-thies-a-la-caravane-de-lemploi-xelcom-impact-tour","status":"publish","type":"post","link":"https:\/\/anpej.sn\/accueil\/participation-de-lanpej-thies-a-la-caravane-de-lemploi-xelcom-impact-tour\/","title":{"rendered":"Participation de l\u2019ANPEJ Thi\u00e8s \u00e0 la Caravane de l\u2019Emploi \u00ab Xelcom Impact Tour \u00bb"},"content":{"rendered":"\n<p>Le 01 novembre, l&#8217;antenne r\u00e9gionale de Thi\u00e8s a particip\u00e9 \u00e0 la caravane de l&#8217;emploi &#8220;Xelcom Impact Tour&#8221; organis\u00e9e par la structure Ndioba Impact Voice. Comme r\u00e9sultats :  les capacit\u00e9s de 87 jeunes sont renforc\u00e9es sur l&#8217;entrepreneuriat et l&#8217;intelligence artificielle. L&#8217;offre de services de l&#8217;ANPEJ est aussi pr\u00e9sent\u00e9e aux participants.<\/p>\n","protected":false},"excerpt":{"rendered":"<p>Le 01 novembre, l&#8217;antenne r\u00e9gionale de Thi\u00e8s a particip\u00e9 \u00e0 la caravane de l&#8217;emploi &#8220;Xelcom Impact Tour&#8221; organis\u00e9e par la structure Ndioba Impact Voice. Comme r\u00e9sultats : les capacit\u00e9s de [&hellip;]<\/p>\n","protected":false},"author":1,"featured_media":17324,"comment_status":"closed","ping_status":"closed","sticky":false,"template":"","format":"standard","meta":{"footnotes":""},"categories":[41],"tags":[],"class_list":["post-17323","post","type-post","status-publish","format-standard","has-post-thumbnail","hentry","category-actualite"],"rttpg_featured_image_url":{"full":["https:\/\/anpej.sn\/accueil\/wp-content\/uploads\/2025\/11\/xelcom-thies.jpg",665,772,false],"landscape":["https:\/\/anpej.sn\/accueil\/wp-content\/uploads\/2025\/11\/xelcom-thies.jpg",665,772,false],"portraits":["https:\/\/anpej.sn\/accueil\/wp-content\/uploads\/2025\/11\/xelcom-thies.jpg",665,772,false],"thumbnail":["https:\/\/anpej.sn\/accueil\/wp-content\/uploads\/2025\/11\/xelcom-thies-175x175.jpg",175,175,true],"medium":["https:\/\/anpej.sn\/accueil\/wp-content\/uploads\/2025\/11\/xelcom-thies-600x540.jpg",600,540,true],"large":["https:\/\/anpej.sn\/accueil\/wp-content\/uploads\/2025\/11\/xelcom-thies.jpg",665,772,false],"post-thumbnail":["https:\/\/anpej.sn\/accueil\/wp-content\/uploads\/2025\/11\/xelcom-thies-550x410.jpg",550,410,true],"consilox_medium":["https:\/\/anpej.sn\/accueil\/wp-content\/uploads\/2025\/11\/xelcom-thies-550x580.jpg",550,580,true],"woocommerce_thumbnail":["https:\/\/anpej.sn\/accueil\/wp-content\/uploads\/2025\/11\/xelcom-thies-300x300.jpg",300,300,true],"woocommerce_single":["https:\/\/anpej.sn\/accueil\/wp-content\/uploads\/2025\/11\/xelcom-thies-600x697.jpg",600,697,true],"woocommerce_gallery_thumbnail":["https:\/\/anpej.sn\/accueil\/wp-content\/uploads\/2025\/11\/xelcom-thies-180x180.jpg",180,180,true]},"rttpg_author":{"display_name":"admin","author_link":"https:\/\/anpej.sn\/accueil\/author\/admin\/"},"rttpg_comment":0,"rttpg_category":"<a href=\"https:\/\/anpej.sn\/accueil\/category\/actualite\/\" rel=\"category tag\">actualit\u00e9<\/a>","rttpg_excerpt":"Le 01 novembre, l&#8217;antenne r\u00e9gionale de Thi\u00e8s a particip\u00e9 \u00e0 la caravane de l&#8217;emploi &#8220;Xelcom Impact Tour&#8221; organis\u00e9e par la structure Ndioba Impact Voice. Comme r\u00e9sultats : les capacit\u00e9s de [&hellip;]","_links":{"self":[{"href":"https:\/\/anpej.sn\/accueil\/wp-json\/wp\/v2\/posts\/17323","targetHints":{"allow":["GET"]}}],"collection":[{"href":"https:\/\/anpej.sn\/accueil\/wp-json\/wp\/v2\/posts"}],"about":[{"href":"https:\/\/anpej.sn\/accueil\/wp-json\/wp\/v2\/types\/post"}],"author":[{"embeddable":true,"href":"https:\/\/anpej.sn\/accueil\/wp-json\/wp\/v2\/users\/1"}],"replies":[{"embeddable":true,"href":"https:\/\/anpej.sn\/accueil\/wp-json\/wp\/v2\/comments?post=17323"}],"version-history":[{"count":1,"href":"https:\/\/anpej.sn\/accueil\/wp-json\/wp\/v2\/posts\/17323\/revisions"}],"predecessor-version":[{"id":17325,"href":"https:\/\/anpej.sn\/accueil\/wp-json\/wp\/v2\/posts\/17323\/revisions\/17325"}],"wp:featuredmedia":[{"embeddable":true,"href":"https:\/\/anpej.sn\/accueil\/wp-json\/wp\/v2\/media\/17324"}],"wp:attachment":[{"href":"https:\/\/anpej.sn\/accueil\/wp-json\/wp\/v2\/media?parent=17323"}],"wp:term":[{"taxonomy":"category","embeddable":true,"href":"https:\/\/anpej.sn\/accueil\/wp-json\/wp\/v2\/categories?post=17323"},{"taxonomy":"post_tag","embeddable":true,"href":"https:\/\/anpej.sn\/accueil\/wp-json\/wp\/v2\/tags?post=17323"}],"curies":[{"name":"wp","href":"https:\/\/api.w.org\/{rel}","templated":true}]}}