{"id":17329,"date":"2025-11-18T18:22:19","date_gmt":"2025-11-18T17:22:19","guid":{"rendered":"https:\/\/anpej.sn\/accueil\/?p=17329"},"modified":"2025-11-18T18:22:20","modified_gmt":"2025-11-18T17:22:20","slug":"passation-de-service-lanpej-officiellement-rattachee-au-mefpt","status":"publish","type":"post","link":"https:\/\/anpej.sn\/accueil\/passation-de-service-lanpej-officiellement-rattachee-au-mefpt\/","title":{"rendered":"Passation de Service : l\u2019ANPEJ officiellement rattach\u00e9e au MEFPT"},"content":{"rendered":"\n<p><a><\/a>L\u2019Inspection g\u00e9n\u00e9rale d\u2019\u00c9tat a proc\u00e9d\u00e9 ce lundi 17 novembre 2025, \u00e0 la passation de service entre le Minist\u00e8re de l\u2019Emploi et de la Formation professionnelle et technique (MEFPT) et le Minist\u00e8re de la Jeunesse et des Sports (MJS).<\/p>\n\n\n\n<p>Cette passation fait suite au dernier remaniement gouvernemental qui a rattach\u00e9 le portefeuille de l\u2019Emploi \u00e0 celui de la Formation professionnelle et technique et ainsi \u00e0 sa suite l\u2019Agence nationale pour la Promotion de l&#8217;Emploi des Jeunes (ANPEJ).<\/p>\n\n\n\n<p>Cette nouvelle configuration t\u00e9moigne de la coh\u00e9rence de l\u2019action gouvernementale en mati\u00e8re de politique nationale d\u2019emploi, de formation professionnelle et d\u2019accompagnement de la jeunesse<\/p>\n\n\n\n<p><\/p>\n","protected":false},"excerpt":{"rendered":"<p>L\u2019Inspection g\u00e9n\u00e9rale d\u2019\u00c9tat a proc\u00e9d\u00e9 ce lundi 17 novembre 2025, \u00e0 la passation de service entre le Minist\u00e8re de l\u2019Emploi et de la Formation professionnelle et technique (MEFPT) et le [&hellip;]<\/p>\n","protected":false},"author":1,"featured_media":17330,"comment_status":"closed","ping_status":"closed","sticky":false,"template":"","format":"standard","meta":{"footnotes":""},"categories":[41],"tags":[],"class_list":["post-17329","post","type-post","status-publish","format-standard","has-post-thumbnail","hentry","category-actualite"],"rttpg_featured_image_url":{"full":["https:\/\/anpej.sn\/accueil\/wp-content\/uploads\/2025\/11\/MEFPT.jpg",1440,810,false],"landscape":["https:\/\/anpej.sn\/accueil\/wp-content\/uploads\/2025\/11\/MEFPT.jpg",1440,810,false],"portraits":["https:\/\/anpej.sn\/accueil\/wp-content\/uploads\/2025\/11\/MEFPT.jpg",1440,810,false],"thumbnail":["https:\/\/anpej.sn\/accueil\/wp-content\/uploads\/2025\/11\/MEFPT-175x175.jpg",175,175,true],"medium":["https:\/\/anpej.sn\/accueil\/wp-content\/uploads\/2025\/11\/MEFPT-600x540.jpg",600,540,true],"large":["https:\/\/anpej.sn\/accueil\/wp-content\/uploads\/2025\/11\/MEFPT-1024x576.jpg",900,506,true],"post-thumbnail":["https:\/\/anpej.sn\/accueil\/wp-content\/uploads\/2025\/11\/MEFPT-550x410.jpg",550,410,true],"consilox_medium":["https:\/\/anpej.sn\/accueil\/wp-content\/uploads\/2025\/11\/MEFPT-550x580.jpg",550,580,true],"woocommerce_thumbnail":["https:\/\/anpej.sn\/accueil\/wp-content\/uploads\/2025\/11\/MEFPT-300x300.jpg",300,300,true],"woocommerce_single":["https:\/\/anpej.sn\/accueil\/wp-content\/uploads\/2025\/11\/MEFPT-600x338.jpg",600,338,true],"woocommerce_gallery_thumbnail":["https:\/\/anpej.sn\/accueil\/wp-content\/uploads\/2025\/11\/MEFPT-180x180.jpg",180,180,true]},"rttpg_author":{"display_name":"admin","author_link":"https:\/\/anpej.sn\/accueil\/author\/admin\/"},"rttpg_comment":0,"rttpg_category":"<a href=\"https:\/\/anpej.sn\/accueil\/category\/actualite\/\" rel=\"category tag\">actualit\u00e9<\/a>","rttpg_excerpt":"L\u2019Inspection g\u00e9n\u00e9rale d\u2019\u00c9tat a proc\u00e9d\u00e9 ce lundi 17 novembre 2025, \u00e0 la passation de service entre le Minist\u00e8re de l\u2019Emploi et de la Formation professionnelle et technique (MEFPT) et le [&hellip;]","_links":{"self":[{"href":"https:\/\/anpej.sn\/accueil\/wp-json\/wp\/v2\/posts\/17329","targetHints":{"allow":["GET"]}}],"collection":[{"href":"https:\/\/anpej.sn\/accueil\/wp-json\/wp\/v2\/posts"}],"about":[{"href":"https:\/\/anpej.sn\/accueil\/wp-json\/wp\/v2\/types\/post"}],"author":[{"embeddable":true,"href":"https:\/\/anpej.sn\/accueil\/wp-json\/wp\/v2\/users\/1"}],"replies":[{"embeddable":true,"href":"https:\/\/anpej.sn\/accueil\/wp-json\/wp\/v2\/comments?post=17329"}],"version-history":[{"count":1,"href":"https:\/\/anpej.sn\/accueil\/wp-json\/wp\/v2\/posts\/17329\/revisions"}],"predecessor-version":[{"id":17331,"href":"https:\/\/anpej.sn\/accueil\/wp-json\/wp\/v2\/posts\/17329\/revisions\/17331"}],"wp:featuredmedia":[{"embeddable":true,"href":"https:\/\/anpej.sn\/accueil\/wp-json\/wp\/v2\/media\/17330"}],"wp:attachment":[{"href":"https:\/\/anpej.sn\/accueil\/wp-json\/wp\/v2\/media?parent=17329"}],"wp:term":[{"taxonomy":"category","embeddable":true,"href":"https:\/\/anpej.sn\/accueil\/wp-json\/wp\/v2\/categories?post=17329"},{"taxonomy":"post_tag","embeddable":true,"href":"https:\/\/anpej.sn\/accueil\/wp-json\/wp\/v2\/tags?post=17329"}],"curies":[{"name":"wp","href":"https:\/\/api.w.org\/{rel}","templated":true}]}}