{"id":17332,"date":"2025-11-19T11:50:18","date_gmt":"2025-11-19T10:50:18","guid":{"rendered":"https:\/\/anpej.sn\/accueil\/?p=17332"},"modified":"2025-11-19T11:50:19","modified_gmt":"2025-11-19T10:50:19","slug":"session-de-formation-en-entrepreneuriat-au-profit-de-33-jeunes-handicapes-de-vildaf","status":"publish","type":"post","link":"https:\/\/anpej.sn\/accueil\/session-de-formation-en-entrepreneuriat-au-profit-de-33-jeunes-handicapes-de-vildaf\/","title":{"rendered":"Session de formation en entrepreneuriat au profit de 33 jeunes handicap\u00e9s de VILDAF"},"content":{"rendered":"\n<p>Les 03, 04 et 05 novembre, l&#8217;ARTH en partenariat avec Amref Health africa a anim\u00e9 une session de formation en entrepreneuriat. Durant trois jours, les capacit\u00e9s de 33 jeunes handicap\u00e9s membres de l&#8217;association VILDAF sont renforc\u00e9es sur : &#8211; le d\u00e9veloppement de l&#8217;esprit d&#8217;entreprise, &#8211; la proc\u00e9dure de formalisation d&#8217;une entreprise individuelle et d&#8217;un GIE, &#8211; la gestion financi\u00e8re et &#8211; l&#8217;\u00e9ducation financi\u00e8re.<\/p>\n","protected":false},"excerpt":{"rendered":"<p>Les 03, 04 et 05 novembre, l&#8217;ARTH en partenariat avec Amref Health africa a anim\u00e9 une session de formation en entrepreneuriat. Durant trois jours, les capacit\u00e9s de 33 jeunes handicap\u00e9s [&hellip;]<\/p>\n","protected":false},"author":1,"featured_media":17333,"comment_status":"closed","ping_status":"closed","sticky":false,"template":"","format":"standard","meta":{"footnotes":""},"categories":[41],"tags":[],"class_list":["post-17332","post","type-post","status-publish","format-standard","has-post-thumbnail","hentry","category-actualite"],"rttpg_featured_image_url":{"full":["https:\/\/anpej.sn\/accueil\/wp-content\/uploads\/2025\/11\/ARTH.jpg",1280,963,false],"landscape":["https:\/\/anpej.sn\/accueil\/wp-content\/uploads\/2025\/11\/ARTH.jpg",1280,963,false],"portraits":["https:\/\/anpej.sn\/accueil\/wp-content\/uploads\/2025\/11\/ARTH.jpg",1280,963,false],"thumbnail":["https:\/\/anpej.sn\/accueil\/wp-content\/uploads\/2025\/11\/ARTH-175x175.jpg",175,175,true],"medium":["https:\/\/anpej.sn\/accueil\/wp-content\/uploads\/2025\/11\/ARTH-600x540.jpg",600,540,true],"large":["https:\/\/anpej.sn\/accueil\/wp-content\/uploads\/2025\/11\/ARTH-1024x770.jpg",900,677,true],"post-thumbnail":["https:\/\/anpej.sn\/accueil\/wp-content\/uploads\/2025\/11\/ARTH-550x410.jpg",550,410,true],"consilox_medium":["https:\/\/anpej.sn\/accueil\/wp-content\/uploads\/2025\/11\/ARTH-550x580.jpg",550,580,true],"woocommerce_thumbnail":["https:\/\/anpej.sn\/accueil\/wp-content\/uploads\/2025\/11\/ARTH-300x300.jpg",300,300,true],"woocommerce_single":["https:\/\/anpej.sn\/accueil\/wp-content\/uploads\/2025\/11\/ARTH-600x451.jpg",600,451,true],"woocommerce_gallery_thumbnail":["https:\/\/anpej.sn\/accueil\/wp-content\/uploads\/2025\/11\/ARTH-180x180.jpg",180,180,true]},"rttpg_author":{"display_name":"admin","author_link":"https:\/\/anpej.sn\/accueil\/author\/admin\/"},"rttpg_comment":0,"rttpg_category":"<a href=\"https:\/\/anpej.sn\/accueil\/category\/actualite\/\" rel=\"category tag\">actualit\u00e9<\/a>","rttpg_excerpt":"Les 03, 04 et 05 novembre, l&#8217;ARTH en partenariat avec Amref Health africa a anim\u00e9 une session de formation en entrepreneuriat. Durant trois jours, les capacit\u00e9s de 33 jeunes handicap\u00e9s [&hellip;]","_links":{"self":[{"href":"https:\/\/anpej.sn\/accueil\/wp-json\/wp\/v2\/posts\/17332","targetHints":{"allow":["GET"]}}],"collection":[{"href":"https:\/\/anpej.sn\/accueil\/wp-json\/wp\/v2\/posts"}],"about":[{"href":"https:\/\/anpej.sn\/accueil\/wp-json\/wp\/v2\/types\/post"}],"author":[{"embeddable":true,"href":"https:\/\/anpej.sn\/accueil\/wp-json\/wp\/v2\/users\/1"}],"replies":[{"embeddable":true,"href":"https:\/\/anpej.sn\/accueil\/wp-json\/wp\/v2\/comments?post=17332"}],"version-history":[{"count":1,"href":"https:\/\/anpej.sn\/accueil\/wp-json\/wp\/v2\/posts\/17332\/revisions"}],"predecessor-version":[{"id":17334,"href":"https:\/\/anpej.sn\/accueil\/wp-json\/wp\/v2\/posts\/17332\/revisions\/17334"}],"wp:featuredmedia":[{"embeddable":true,"href":"https:\/\/anpej.sn\/accueil\/wp-json\/wp\/v2\/media\/17333"}],"wp:attachment":[{"href":"https:\/\/anpej.sn\/accueil\/wp-json\/wp\/v2\/media?parent=17332"}],"wp:term":[{"taxonomy":"category","embeddable":true,"href":"https:\/\/anpej.sn\/accueil\/wp-json\/wp\/v2\/categories?post=17332"},{"taxonomy":"post_tag","embeddable":true,"href":"https:\/\/anpej.sn\/accueil\/wp-json\/wp\/v2\/tags?post=17332"}],"curies":[{"name":"wp","href":"https:\/\/api.w.org\/{rel}","templated":true}]}}