{"id":17335,"date":"2025-11-19T13:39:18","date_gmt":"2025-11-19T12:39:18","guid":{"rendered":"https:\/\/anpej.sn\/accueil\/?p=17335"},"modified":"2025-11-19T13:39:19","modified_gmt":"2025-11-19T12:39:19","slug":"anpej-et-swisscontact-accompagnent-les-jeunes-de-tabi-dans-la-formalisation-de-leurs-idees-de-projet","status":"publish","type":"post","link":"https:\/\/anpej.sn\/accueil\/anpej-et-swisscontact-accompagnent-les-jeunes-de-tabi-dans-la-formalisation-de-leurs-idees-de-projet\/","title":{"rendered":"ANPEJ et Swisscontact accompagnent les jeunes de Tabi dans la formalisation de leurs id\u00e9es de projet"},"content":{"rendered":"\n<p>Actu_Antenne_Sud<\/p>\n\n\n\n<h1 class=\"wp-block-heading\">Partenariat_Swisscontact_#ANPEJ<\/h1>\n\n\n\n<p>Dans le cadre de leur mission de renforcement de l\u2019Employabilite et de promotion de l\u2019entrepreneuriat des jeunes ,#ANPEJ et #SwissContact ont organis\u00e9 une session de formation en \u00e9laboration de business plan \u00e0 Tabi (Bignona) au profit des jeunes incub\u00e9s .<br>L\u2019objectif de cette activit\u00e9 est d\u2019initier les jeunes des SIFA de #SwissContact \u00e0 la structuration de leurs id\u00e9es de projet ,\u00e0 la ma\u00eetrise du business mod\u00e8le Canvas et \u00e0 l\u2019\u00e9laboration de business plan int\u00e9grant \u00e9tude de march\u00e9, organisation, plan financier et strat\u00e9gies de mise en \u0153uvre..<br> A l\u2019issue de cette activit\u00e9,14 plans d\u2019affaire devraient \u00eatre \u00e9labor\u00e9s et les b\u00e9n\u00e9ficiaires mis en relation avec les institutions financi\u00e8res .<\/p>\n","protected":false},"excerpt":{"rendered":"<p>Actu_Antenne_Sud Partenariat_Swisscontact_#ANPEJ Dans le cadre de leur mission de renforcement de l\u2019Employabilite et de promotion de l\u2019entrepreneuriat des jeunes ,#ANPEJ et #SwissContact ont organis\u00e9 une session de formation en \u00e9laboration [&hellip;]<\/p>\n","protected":false},"author":1,"featured_media":17336,"comment_status":"closed","ping_status":"closed","sticky":false,"template":"","format":"standard","meta":{"footnotes":""},"categories":[41],"tags":[],"class_list":["post-17335","post","type-post","status-publish","format-standard","has-post-thumbnail","hentry","category-actualite"],"rttpg_featured_image_url":{"full":["https:\/\/anpej.sn\/accueil\/wp-content\/uploads\/2025\/11\/A-sud.jpg",1020,765,false],"landscape":["https:\/\/anpej.sn\/accueil\/wp-content\/uploads\/2025\/11\/A-sud.jpg",1020,765,false],"portraits":["https:\/\/anpej.sn\/accueil\/wp-content\/uploads\/2025\/11\/A-sud.jpg",1020,765,false],"thumbnail":["https:\/\/anpej.sn\/accueil\/wp-content\/uploads\/2025\/11\/A-sud-175x175.jpg",175,175,true],"medium":["https:\/\/anpej.sn\/accueil\/wp-content\/uploads\/2025\/11\/A-sud-600x540.jpg",600,540,true],"large":["https:\/\/anpej.sn\/accueil\/wp-content\/uploads\/2025\/11\/A-sud.jpg",900,675,false],"post-thumbnail":["https:\/\/anpej.sn\/accueil\/wp-content\/uploads\/2025\/11\/A-sud-550x410.jpg",550,410,true],"consilox_medium":["https:\/\/anpej.sn\/accueil\/wp-content\/uploads\/2025\/11\/A-sud-550x580.jpg",550,580,true],"woocommerce_thumbnail":["https:\/\/anpej.sn\/accueil\/wp-content\/uploads\/2025\/11\/A-sud-300x300.jpg",300,300,true],"woocommerce_single":["https:\/\/anpej.sn\/accueil\/wp-content\/uploads\/2025\/11\/A-sud-600x450.jpg",600,450,true],"woocommerce_gallery_thumbnail":["https:\/\/anpej.sn\/accueil\/wp-content\/uploads\/2025\/11\/A-sud-180x180.jpg",180,180,true]},"rttpg_author":{"display_name":"admin","author_link":"https:\/\/anpej.sn\/accueil\/author\/admin\/"},"rttpg_comment":0,"rttpg_category":"<a href=\"https:\/\/anpej.sn\/accueil\/category\/actualite\/\" rel=\"category tag\">actualit\u00e9<\/a>","rttpg_excerpt":"Actu_Antenne_Sud Partenariat_Swisscontact_#ANPEJ Dans le cadre de leur mission de renforcement de l\u2019Employabilite et de promotion de l\u2019entrepreneuriat des jeunes ,#ANPEJ et #SwissContact ont organis\u00e9 une session de formation en \u00e9laboration [&hellip;]","_links":{"self":[{"href":"https:\/\/anpej.sn\/accueil\/wp-json\/wp\/v2\/posts\/17335","targetHints":{"allow":["GET"]}}],"collection":[{"href":"https:\/\/anpej.sn\/accueil\/wp-json\/wp\/v2\/posts"}],"about":[{"href":"https:\/\/anpej.sn\/accueil\/wp-json\/wp\/v2\/types\/post"}],"author":[{"embeddable":true,"href":"https:\/\/anpej.sn\/accueil\/wp-json\/wp\/v2\/users\/1"}],"replies":[{"embeddable":true,"href":"https:\/\/anpej.sn\/accueil\/wp-json\/wp\/v2\/comments?post=17335"}],"version-history":[{"count":1,"href":"https:\/\/anpej.sn\/accueil\/wp-json\/wp\/v2\/posts\/17335\/revisions"}],"predecessor-version":[{"id":17337,"href":"https:\/\/anpej.sn\/accueil\/wp-json\/wp\/v2\/posts\/17335\/revisions\/17337"}],"wp:featuredmedia":[{"embeddable":true,"href":"https:\/\/anpej.sn\/accueil\/wp-json\/wp\/v2\/media\/17336"}],"wp:attachment":[{"href":"https:\/\/anpej.sn\/accueil\/wp-json\/wp\/v2\/media?parent=17335"}],"wp:term":[{"taxonomy":"category","embeddable":true,"href":"https:\/\/anpej.sn\/accueil\/wp-json\/wp\/v2\/categories?post=17335"},{"taxonomy":"post_tag","embeddable":true,"href":"https:\/\/anpej.sn\/accueil\/wp-json\/wp\/v2\/tags?post=17335"}],"curies":[{"name":"wp","href":"https:\/\/api.w.org\/{rel}","templated":true}]}}