{"id":17365,"date":"2025-11-24T13:02:52","date_gmt":"2025-11-24T12:02:52","guid":{"rendered":"https:\/\/anpej.sn\/accueil\/?p=17365"},"modified":"2025-11-24T13:02:53","modified_gmt":"2025-11-24T12:02:53","slug":"renforcement-des-capacites-entrepreneuriales-des-membres-de-lassociation-ahazon-a-thies","status":"publish","type":"post","link":"https:\/\/anpej.sn\/accueil\/renforcement-des-capacites-entrepreneuriales-des-membres-de-lassociation-ahazon-a-thies\/","title":{"rendered":"Renforcement des capacit\u00e9s entrepreneuriales des membres de l\u2019association AHAZON \u00e0 Thi\u00e8s"},"content":{"rendered":"\n<p>Les 11, 12 et 13 novembre, l&#8217;antenne r\u00e9gionale de Thi\u00e8s en partenariat avec Amref Health africa a anim\u00e9 une session de formation en entrepreneuriat. Durant trois jours, les capacit\u00e9s de 32 personnes handicap\u00e9es membres de l&#8217;association AHAZON (Association des handicap\u00e9s agriculteurs de la zone des niayes) sont renforc\u00e9es sur : &#8211; le d\u00e9veloppement de l&#8217;esprit d&#8217;entreprise, &#8211; la proc\u00e9dure de formalisation d&#8217;une entreprise individuelle et d&#8217;un GIE, &#8211; la gestion financi\u00e8re et &#8211; l&#8217;\u00e9ducation financi\u00e8re.<\/p>\n\n\n\n<p><\/p>\n","protected":false},"excerpt":{"rendered":"<p>Les 11, 12 et 13 novembre, l&#8217;antenne r\u00e9gionale de Thi\u00e8s en partenariat avec Amref Health africa a anim\u00e9 une session de formation en entrepreneuriat. Durant trois jours, les capacit\u00e9s de [&hellip;]<\/p>\n","protected":false},"author":1,"featured_media":17366,"comment_status":"closed","ping_status":"closed","sticky":false,"template":"","format":"standard","meta":{"footnotes":""},"categories":[41],"tags":[],"class_list":["post-17365","post","type-post","status-publish","format-standard","has-post-thumbnail","hentry","category-actualite"],"rttpg_featured_image_url":{"full":["https:\/\/anpej.sn\/accueil\/wp-content\/uploads\/2025\/11\/forum-thies.jpg",1080,720,false],"landscape":["https:\/\/anpej.sn\/accueil\/wp-content\/uploads\/2025\/11\/forum-thies.jpg",1080,720,false],"portraits":["https:\/\/anpej.sn\/accueil\/wp-content\/uploads\/2025\/11\/forum-thies.jpg",1080,720,false],"thumbnail":["https:\/\/anpej.sn\/accueil\/wp-content\/uploads\/2025\/11\/forum-thies-175x175.jpg",175,175,true],"medium":["https:\/\/anpej.sn\/accueil\/wp-content\/uploads\/2025\/11\/forum-thies-600x540.jpg",600,540,true],"large":["https:\/\/anpej.sn\/accueil\/wp-content\/uploads\/2025\/11\/forum-thies-1024x683.jpg",900,600,true],"post-thumbnail":["https:\/\/anpej.sn\/accueil\/wp-content\/uploads\/2025\/11\/forum-thies-550x410.jpg",550,410,true],"consilox_medium":["https:\/\/anpej.sn\/accueil\/wp-content\/uploads\/2025\/11\/forum-thies-550x580.jpg",550,580,true],"woocommerce_thumbnail":["https:\/\/anpej.sn\/accueil\/wp-content\/uploads\/2025\/11\/forum-thies-300x300.jpg",300,300,true],"woocommerce_single":["https:\/\/anpej.sn\/accueil\/wp-content\/uploads\/2025\/11\/forum-thies-600x400.jpg",600,400,true],"woocommerce_gallery_thumbnail":["https:\/\/anpej.sn\/accueil\/wp-content\/uploads\/2025\/11\/forum-thies-180x180.jpg",180,180,true]},"rttpg_author":{"display_name":"admin","author_link":"https:\/\/anpej.sn\/accueil\/author\/admin\/"},"rttpg_comment":0,"rttpg_category":"<a href=\"https:\/\/anpej.sn\/accueil\/category\/actualite\/\" rel=\"category tag\">actualit\u00e9<\/a>","rttpg_excerpt":"Les 11, 12 et 13 novembre, l&#8217;antenne r\u00e9gionale de Thi\u00e8s en partenariat avec Amref Health africa a anim\u00e9 une session de formation en entrepreneuriat. Durant trois jours, les capacit\u00e9s de [&hellip;]","_links":{"self":[{"href":"https:\/\/anpej.sn\/accueil\/wp-json\/wp\/v2\/posts\/17365","targetHints":{"allow":["GET"]}}],"collection":[{"href":"https:\/\/anpej.sn\/accueil\/wp-json\/wp\/v2\/posts"}],"about":[{"href":"https:\/\/anpej.sn\/accueil\/wp-json\/wp\/v2\/types\/post"}],"author":[{"embeddable":true,"href":"https:\/\/anpej.sn\/accueil\/wp-json\/wp\/v2\/users\/1"}],"replies":[{"embeddable":true,"href":"https:\/\/anpej.sn\/accueil\/wp-json\/wp\/v2\/comments?post=17365"}],"version-history":[{"count":1,"href":"https:\/\/anpej.sn\/accueil\/wp-json\/wp\/v2\/posts\/17365\/revisions"}],"predecessor-version":[{"id":17367,"href":"https:\/\/anpej.sn\/accueil\/wp-json\/wp\/v2\/posts\/17365\/revisions\/17367"}],"wp:featuredmedia":[{"embeddable":true,"href":"https:\/\/anpej.sn\/accueil\/wp-json\/wp\/v2\/media\/17366"}],"wp:attachment":[{"href":"https:\/\/anpej.sn\/accueil\/wp-json\/wp\/v2\/media?parent=17365"}],"wp:term":[{"taxonomy":"category","embeddable":true,"href":"https:\/\/anpej.sn\/accueil\/wp-json\/wp\/v2\/categories?post=17365"},{"taxonomy":"post_tag","embeddable":true,"href":"https:\/\/anpej.sn\/accueil\/wp-json\/wp\/v2\/tags?post=17365"}],"curies":[{"name":"wp","href":"https:\/\/api.w.org\/{rel}","templated":true}]}}