{"id":17368,"date":"2025-11-24T13:28:40","date_gmt":"2025-11-24T12:28:40","guid":{"rendered":"https:\/\/anpej.sn\/accueil\/?p=17368"},"modified":"2025-11-24T13:28:41","modified_gmt":"2025-11-24T12:28:41","slug":"participation-de-lantenne-regionale-de-thies-au-forum-demployabilite-de-mbadiane","status":"publish","type":"post","link":"https:\/\/anpej.sn\/accueil\/participation-de-lantenne-regionale-de-thies-au-forum-demployabilite-de-mbadiane\/","title":{"rendered":"Participation de l\u2019Antenne r\u00e9gionale de Thi\u00e8s au Forum d\u2019Employabilit\u00e9 de Mbadiane"},"content":{"rendered":"\n<p>Le 08 novembre, l&#8217;antenne r\u00e9gionale de Thi\u00e8s a particip\u00e9 au Forum de employabilit\u00e9 organis\u00e9 par le Conseil communal de la jeunesse de Mbadiane. Cette journ\u00e9e d&#8217;\u00e9change, sur les opportunit\u00e9s offertes par le dispositif institutionnel d&#8217;accompagnement des jeunes et des femmes, qui a vu la participation de la DERFJ, de l&#8217;ANIDA, de l&#8217;agrijeunes et des autorit\u00e9s locales et coutumi\u00e8res \u00e9tait l&#8217;occasion pour l&#8217;ANPEJ de pr\u00e9senter son offre de services au 80 participants qui ont fait le d\u00e9placement.<\/p>\n","protected":false},"excerpt":{"rendered":"<p>Le 08 novembre, l&#8217;antenne r\u00e9gionale de Thi\u00e8s a particip\u00e9 au Forum de employabilit\u00e9 organis\u00e9 par le Conseil communal de la jeunesse de Mbadiane. Cette journ\u00e9e d&#8217;\u00e9change, sur les opportunit\u00e9s offertes [&hellip;]<\/p>\n","protected":false},"author":1,"featured_media":17369,"comment_status":"closed","ping_status":"closed","sticky":false,"template":"","format":"standard","meta":{"footnotes":""},"categories":[41],"tags":[],"class_list":["post-17368","post","type-post","status-publish","format-standard","has-post-thumbnail","hentry","category-actualite"],"rttpg_featured_image_url":{"full":["https:\/\/anpej.sn\/accueil\/wp-content\/uploads\/2025\/11\/c2f5383a-287d-45ce-ae28-d375d017886f.jpg",828,486,false],"landscape":["https:\/\/anpej.sn\/accueil\/wp-content\/uploads\/2025\/11\/c2f5383a-287d-45ce-ae28-d375d017886f.jpg",828,486,false],"portraits":["https:\/\/anpej.sn\/accueil\/wp-content\/uploads\/2025\/11\/c2f5383a-287d-45ce-ae28-d375d017886f.jpg",828,486,false],"thumbnail":["https:\/\/anpej.sn\/accueil\/wp-content\/uploads\/2025\/11\/c2f5383a-287d-45ce-ae28-d375d017886f-175x175.jpg",175,175,true],"medium":["https:\/\/anpej.sn\/accueil\/wp-content\/uploads\/2025\/11\/c2f5383a-287d-45ce-ae28-d375d017886f-600x486.jpg",600,486,true],"large":["https:\/\/anpej.sn\/accueil\/wp-content\/uploads\/2025\/11\/c2f5383a-287d-45ce-ae28-d375d017886f.jpg",828,486,false],"post-thumbnail":["https:\/\/anpej.sn\/accueil\/wp-content\/uploads\/2025\/11\/c2f5383a-287d-45ce-ae28-d375d017886f-550x410.jpg",550,410,true],"consilox_medium":["https:\/\/anpej.sn\/accueil\/wp-content\/uploads\/2025\/11\/c2f5383a-287d-45ce-ae28-d375d017886f-550x486.jpg",550,486,true],"woocommerce_thumbnail":["https:\/\/anpej.sn\/accueil\/wp-content\/uploads\/2025\/11\/c2f5383a-287d-45ce-ae28-d375d017886f-300x300.jpg",300,300,true],"woocommerce_single":["https:\/\/anpej.sn\/accueil\/wp-content\/uploads\/2025\/11\/c2f5383a-287d-45ce-ae28-d375d017886f-600x352.jpg",600,352,true],"woocommerce_gallery_thumbnail":["https:\/\/anpej.sn\/accueil\/wp-content\/uploads\/2025\/11\/c2f5383a-287d-45ce-ae28-d375d017886f-180x180.jpg",180,180,true]},"rttpg_author":{"display_name":"admin","author_link":"https:\/\/anpej.sn\/accueil\/author\/admin\/"},"rttpg_comment":0,"rttpg_category":"<a href=\"https:\/\/anpej.sn\/accueil\/category\/actualite\/\" rel=\"category tag\">actualit\u00e9<\/a>","rttpg_excerpt":"Le 08 novembre, l&#8217;antenne r\u00e9gionale de Thi\u00e8s a particip\u00e9 au Forum de employabilit\u00e9 organis\u00e9 par le Conseil communal de la jeunesse de Mbadiane. Cette journ\u00e9e d&#8217;\u00e9change, sur les opportunit\u00e9s offertes [&hellip;]","_links":{"self":[{"href":"https:\/\/anpej.sn\/accueil\/wp-json\/wp\/v2\/posts\/17368","targetHints":{"allow":["GET"]}}],"collection":[{"href":"https:\/\/anpej.sn\/accueil\/wp-json\/wp\/v2\/posts"}],"about":[{"href":"https:\/\/anpej.sn\/accueil\/wp-json\/wp\/v2\/types\/post"}],"author":[{"embeddable":true,"href":"https:\/\/anpej.sn\/accueil\/wp-json\/wp\/v2\/users\/1"}],"replies":[{"embeddable":true,"href":"https:\/\/anpej.sn\/accueil\/wp-json\/wp\/v2\/comments?post=17368"}],"version-history":[{"count":1,"href":"https:\/\/anpej.sn\/accueil\/wp-json\/wp\/v2\/posts\/17368\/revisions"}],"predecessor-version":[{"id":17370,"href":"https:\/\/anpej.sn\/accueil\/wp-json\/wp\/v2\/posts\/17368\/revisions\/17370"}],"wp:featuredmedia":[{"embeddable":true,"href":"https:\/\/anpej.sn\/accueil\/wp-json\/wp\/v2\/media\/17369"}],"wp:attachment":[{"href":"https:\/\/anpej.sn\/accueil\/wp-json\/wp\/v2\/media?parent=17368"}],"wp:term":[{"taxonomy":"category","embeddable":true,"href":"https:\/\/anpej.sn\/accueil\/wp-json\/wp\/v2\/categories?post=17368"},{"taxonomy":"post_tag","embeddable":true,"href":"https:\/\/anpej.sn\/accueil\/wp-json\/wp\/v2\/tags?post=17368"}],"curies":[{"name":"wp","href":"https:\/\/api.w.org\/{rel}","templated":true}]}}