{"id":17375,"date":"2025-11-24T11:36:26","date_gmt":"2025-11-24T10:36:26","guid":{"rendered":"https:\/\/anpej.sn\/accueil\/?p=17375"},"modified":"2025-11-26T11:41:26","modified_gmt":"2025-11-26T10:41:26","slug":"rencontre-entre-lanpej-et-mme-coumba-gawlo-seck-vers-de-nouvelles-synergies-pour-lemploi-des-jeunes","status":"publish","type":"post","link":"https:\/\/anpej.sn\/accueil\/rencontre-entre-lanpej-et-mme-coumba-gawlo-seck-vers-de-nouvelles-synergies-pour-lemploi-des-jeunes\/","title":{"rendered":"Rencontre entre l\u2019ANPEJ et Mme Coumba Gawlo Seck : Vers de nouvelles synergies pour l\u2019emploi des jeunes"},"content":{"rendered":"\n<p>La Directrice g\u00e9n\u00e9rale de l\u2019Agence Nationale pour la Promotion de l\u2019Emploi des Jeunes (ANPEJ), Mme Sinna Amadou Gaye, a eu le plaisir de recevoir Mme Coumba Gawlo Seck <a><\/a>dans le cadre d\u2019une visite de courtoisie.<\/p>\n\n\n\n<p>Lors de leurs \u00e9changes, plusieurs points essentiels ont \u00e9t\u00e9 abord\u00e9s, notamment ceux relatifs \u00e0 l\u2019emploi des jeunes et \u00e0 l\u2019identification de synergies autour d\u2019activit\u00e9s \u00e0 fort impact social.<\/p>\n\n\n\n<p>Parmi les axes de collaboration identifi\u00e9s, figurent :<\/p>\n\n\n\n<p>\u2022 La vulgarisation des actions en faveur de l\u2019emploi et de l\u2019employabilit\u00e9 des jeunes ;<\/p>\n\n\n\n<p>\u2022 L\u2019autonomisation des femmes ;<\/p>\n\n\n\n<p>\u2022 L\u2019interm\u00e9diation et l\u2019insertion socioprofessionnelle des jeunes.<\/p>\n\n\n\n<p>Dans un souci de coh\u00e9rence, Mme Gaye et Mme Seck ont convenu d\u2019explorer les perspectives de partenariat afin de contribuer \u00e0 la mat\u00e9rialisation des politiques publiques de l\u2019emploi, telles que d\u00e9finies dans le r\u00e9f\u00e9rentiel de la vision \u00ab S\u00e9n\u00e9gal 2050 \u00bb.<\/p>\n","protected":false},"excerpt":{"rendered":"<p>La Directrice g\u00e9n\u00e9rale de l\u2019Agence Nationale pour la Promotion de l\u2019Emploi des Jeunes (ANPEJ), Mme Sinna Amadou Gaye, a eu le plaisir de recevoir Mme Coumba Gawlo Seck dans le [&hellip;]<\/p>\n","protected":false},"author":1,"featured_media":17376,"comment_status":"closed","ping_status":"closed","sticky":false,"template":"","format":"standard","meta":{"footnotes":""},"categories":[41],"tags":[],"class_list":["post-17375","post","type-post","status-publish","format-standard","has-post-thumbnail","hentry","category-actualite"],"rttpg_featured_image_url":{"full":["https:\/\/anpej.sn\/accueil\/wp-content\/uploads\/2025\/11\/coumba-g.jpg",1080,810,false],"landscape":["https:\/\/anpej.sn\/accueil\/wp-content\/uploads\/2025\/11\/coumba-g.jpg",1080,810,false],"portraits":["https:\/\/anpej.sn\/accueil\/wp-content\/uploads\/2025\/11\/coumba-g.jpg",1080,810,false],"thumbnail":["https:\/\/anpej.sn\/accueil\/wp-content\/uploads\/2025\/11\/coumba-g-175x175.jpg",175,175,true],"medium":["https:\/\/anpej.sn\/accueil\/wp-content\/uploads\/2025\/11\/coumba-g-600x540.jpg",600,540,true],"large":["https:\/\/anpej.sn\/accueil\/wp-content\/uploads\/2025\/11\/coumba-g-1024x768.jpg",900,675,true],"post-thumbnail":["https:\/\/anpej.sn\/accueil\/wp-content\/uploads\/2025\/11\/coumba-g-550x410.jpg",550,410,true],"consilox_medium":["https:\/\/anpej.sn\/accueil\/wp-content\/uploads\/2025\/11\/coumba-g-550x580.jpg",550,580,true],"woocommerce_thumbnail":["https:\/\/anpej.sn\/accueil\/wp-content\/uploads\/2025\/11\/coumba-g-300x300.jpg",300,300,true],"woocommerce_single":["https:\/\/anpej.sn\/accueil\/wp-content\/uploads\/2025\/11\/coumba-g-600x450.jpg",600,450,true],"woocommerce_gallery_thumbnail":["https:\/\/anpej.sn\/accueil\/wp-content\/uploads\/2025\/11\/coumba-g-180x180.jpg",180,180,true]},"rttpg_author":{"display_name":"admin","author_link":"https:\/\/anpej.sn\/accueil\/author\/admin\/"},"rttpg_comment":0,"rttpg_category":"<a href=\"https:\/\/anpej.sn\/accueil\/category\/actualite\/\" rel=\"category tag\">actualit\u00e9<\/a>","rttpg_excerpt":"La Directrice g\u00e9n\u00e9rale de l\u2019Agence Nationale pour la Promotion de l\u2019Emploi des Jeunes (ANPEJ), Mme Sinna Amadou Gaye, a eu le plaisir de recevoir Mme Coumba Gawlo Seck dans le [&hellip;]","_links":{"self":[{"href":"https:\/\/anpej.sn\/accueil\/wp-json\/wp\/v2\/posts\/17375","targetHints":{"allow":["GET"]}}],"collection":[{"href":"https:\/\/anpej.sn\/accueil\/wp-json\/wp\/v2\/posts"}],"about":[{"href":"https:\/\/anpej.sn\/accueil\/wp-json\/wp\/v2\/types\/post"}],"author":[{"embeddable":true,"href":"https:\/\/anpej.sn\/accueil\/wp-json\/wp\/v2\/users\/1"}],"replies":[{"embeddable":true,"href":"https:\/\/anpej.sn\/accueil\/wp-json\/wp\/v2\/comments?post=17375"}],"version-history":[{"count":1,"href":"https:\/\/anpej.sn\/accueil\/wp-json\/wp\/v2\/posts\/17375\/revisions"}],"predecessor-version":[{"id":17377,"href":"https:\/\/anpej.sn\/accueil\/wp-json\/wp\/v2\/posts\/17375\/revisions\/17377"}],"wp:featuredmedia":[{"embeddable":true,"href":"https:\/\/anpej.sn\/accueil\/wp-json\/wp\/v2\/media\/17376"}],"wp:attachment":[{"href":"https:\/\/anpej.sn\/accueil\/wp-json\/wp\/v2\/media?parent=17375"}],"wp:term":[{"taxonomy":"category","embeddable":true,"href":"https:\/\/anpej.sn\/accueil\/wp-json\/wp\/v2\/categories?post=17375"},{"taxonomy":"post_tag","embeddable":true,"href":"https:\/\/anpej.sn\/accueil\/wp-json\/wp\/v2\/tags?post=17375"}],"curies":[{"name":"wp","href":"https:\/\/api.w.org\/{rel}","templated":true}]}}