{"id":17379,"date":"2025-11-26T13:40:59","date_gmt":"2025-11-26T12:40:59","guid":{"rendered":"https:\/\/anpej.sn\/accueil\/?p=17379"},"modified":"2025-11-26T13:41:00","modified_gmt":"2025-11-26T12:41:00","slug":"formation-en-agri-elevage-a-linguere-lanpej-et-avsf-renforcent-les-capacites-de-50-jeunes-et-femmes","status":"publish","type":"post","link":"https:\/\/anpej.sn\/accueil\/formation-en-agri-elevage-a-linguere-lanpej-et-avsf-renforcent-les-capacites-de-50-jeunes-et-femmes\/","title":{"rendered":"Formation en agri-\u00e9levage \u00e0 Lingu\u00e8re : l\u2019ANPEJ et AVSF renforcent les capacit\u00e9s de 50 jeunes et femmes"},"content":{"rendered":"\n<p>L&#8217;antenne r\u00e9gionale de Thi\u00e8s en partenariat avec l&#8217;ONG AVSF (Agronomes et V\u00e9t\u00e9rinaires sans Fronti\u00e8res) ont organis\u00e9 une formation en agri \u00e9levage au profit de 50 jeunes et femmes de la commune de Lingu\u00e8re. En tant que membre du comit\u00e9 s\u00e9lection des b\u00e9n\u00e9ficiaires, l&#8217;ANPEJ a saisi l&#8217;occasion lors de la formation pour pr\u00e9senter aux participants son offre de services. A l&#8217;issue de cette formation 30 parmi les 50 participants seront accompagn\u00e9s dans l&#8217;\u00e9laboration et la pr\u00e9sentation de leurs business plan devant un jury et les 20 meilleurs projets recevront une subvention de 700.000 F.CFA pour d\u00e9marrer ou consolider leurs activit\u00e9s.<\/p>\n","protected":false},"excerpt":{"rendered":"<p>L&#8217;antenne r\u00e9gionale de Thi\u00e8s en partenariat avec l&#8217;ONG AVSF (Agronomes et V\u00e9t\u00e9rinaires sans Fronti\u00e8res) ont organis\u00e9 une formation en agri \u00e9levage au profit de 50 jeunes et femmes de la [&hellip;]<\/p>\n","protected":false},"author":1,"featured_media":17380,"comment_status":"closed","ping_status":"closed","sticky":false,"template":"","format":"standard","meta":{"footnotes":""},"categories":[41],"tags":[],"class_list":["post-17379","post","type-post","status-publish","format-standard","has-post-thumbnail","hentry","category-actualite"],"rttpg_featured_image_url":{"full":["https:\/\/anpej.sn\/accueil\/wp-content\/uploads\/2025\/11\/ong.jpg",1040,780,false],"landscape":["https:\/\/anpej.sn\/accueil\/wp-content\/uploads\/2025\/11\/ong.jpg",1040,780,false],"portraits":["https:\/\/anpej.sn\/accueil\/wp-content\/uploads\/2025\/11\/ong.jpg",1040,780,false],"thumbnail":["https:\/\/anpej.sn\/accueil\/wp-content\/uploads\/2025\/11\/ong-175x175.jpg",175,175,true],"medium":["https:\/\/anpej.sn\/accueil\/wp-content\/uploads\/2025\/11\/ong-600x540.jpg",600,540,true],"large":["https:\/\/anpej.sn\/accueil\/wp-content\/uploads\/2025\/11\/ong-1024x768.jpg",900,675,true],"post-thumbnail":["https:\/\/anpej.sn\/accueil\/wp-content\/uploads\/2025\/11\/ong-550x410.jpg",550,410,true],"consilox_medium":["https:\/\/anpej.sn\/accueil\/wp-content\/uploads\/2025\/11\/ong-550x580.jpg",550,580,true],"woocommerce_thumbnail":["https:\/\/anpej.sn\/accueil\/wp-content\/uploads\/2025\/11\/ong-300x300.jpg",300,300,true],"woocommerce_single":["https:\/\/anpej.sn\/accueil\/wp-content\/uploads\/2025\/11\/ong-600x450.jpg",600,450,true],"woocommerce_gallery_thumbnail":["https:\/\/anpej.sn\/accueil\/wp-content\/uploads\/2025\/11\/ong-180x180.jpg",180,180,true]},"rttpg_author":{"display_name":"admin","author_link":"https:\/\/anpej.sn\/accueil\/author\/admin\/"},"rttpg_comment":0,"rttpg_category":"<a href=\"https:\/\/anpej.sn\/accueil\/category\/actualite\/\" rel=\"category tag\">actualit\u00e9<\/a>","rttpg_excerpt":"L&#8217;antenne r\u00e9gionale de Thi\u00e8s en partenariat avec l&#8217;ONG AVSF (Agronomes et V\u00e9t\u00e9rinaires sans Fronti\u00e8res) ont organis\u00e9 une formation en agri \u00e9levage au profit de 50 jeunes et femmes de la [&hellip;]","_links":{"self":[{"href":"https:\/\/anpej.sn\/accueil\/wp-json\/wp\/v2\/posts\/17379","targetHints":{"allow":["GET"]}}],"collection":[{"href":"https:\/\/anpej.sn\/accueil\/wp-json\/wp\/v2\/posts"}],"about":[{"href":"https:\/\/anpej.sn\/accueil\/wp-json\/wp\/v2\/types\/post"}],"author":[{"embeddable":true,"href":"https:\/\/anpej.sn\/accueil\/wp-json\/wp\/v2\/users\/1"}],"replies":[{"embeddable":true,"href":"https:\/\/anpej.sn\/accueil\/wp-json\/wp\/v2\/comments?post=17379"}],"version-history":[{"count":1,"href":"https:\/\/anpej.sn\/accueil\/wp-json\/wp\/v2\/posts\/17379\/revisions"}],"predecessor-version":[{"id":17381,"href":"https:\/\/anpej.sn\/accueil\/wp-json\/wp\/v2\/posts\/17379\/revisions\/17381"}],"wp:featuredmedia":[{"embeddable":true,"href":"https:\/\/anpej.sn\/accueil\/wp-json\/wp\/v2\/media\/17380"}],"wp:attachment":[{"href":"https:\/\/anpej.sn\/accueil\/wp-json\/wp\/v2\/media?parent=17379"}],"wp:term":[{"taxonomy":"category","embeddable":true,"href":"https:\/\/anpej.sn\/accueil\/wp-json\/wp\/v2\/categories?post=17379"},{"taxonomy":"post_tag","embeddable":true,"href":"https:\/\/anpej.sn\/accueil\/wp-json\/wp\/v2\/tags?post=17379"}],"curies":[{"name":"wp","href":"https:\/\/api.w.org\/{rel}","templated":true}]}}