{"id":17401,"date":"2025-11-28T17:49:46","date_gmt":"2025-11-28T16:49:46","guid":{"rendered":"https:\/\/anpej.sn\/accueil\/?p=17401"},"modified":"2025-11-28T18:15:11","modified_gmt":"2025-11-28T17:15:11","slug":"forum-des-entrepreneuriales-lanpej-accompagne-la-dynamique-dinvestissement-des-jeunes-a-thies","status":"publish","type":"post","link":"https:\/\/anpej.sn\/accueil\/forum-des-entrepreneuriales-lanpej-accompagne-la-dynamique-dinvestissement-des-jeunes-a-thies\/","title":{"rendered":"Forum des Entrepreneuriales : l\u2019ANPEJ accompagne la dynamique d\u2019investissement des jeunes \u00e0 Thi\u00e8s"},"content":{"rendered":"\n<p>Le mercredi 19 Novembre, l&#8217;antenne r\u00e9gionale de Thi\u00e8s a pris part au Forum des Entrepreneuriales (rencontre entre investisseurs et porteurs de projet). Cette journ\u00e9e d&#8217;\u00e9change et de partage organis\u00e9e par l\u2019Association des Jeunes Chr\u00e9tiens du S\u00e9n\u00e9gal (AJCS) a \u00e9t\u00e9 l&#8217;occasion pour l&#8217;ANPEJ de participer au panel dont le th\u00e8me \u00e9tait la strat\u00e9gie de lev\u00e9e de fonds et au Pitch qui a vu la participation de 20 porteurs. A l&#8217;issue du concours, 10 projets sont choisis pour un accompagnement financier.<\/p>\n","protected":false},"excerpt":{"rendered":"<p>Le mercredi 19 Novembre, l&#8217;antenne r\u00e9gionale de Thi\u00e8s a pris part au Forum des Entrepreneuriales (rencontre entre investisseurs et porteurs de projet). Cette journ\u00e9e d&#8217;\u00e9change et de partage organis\u00e9e par [&hellip;]<\/p>\n","protected":false},"author":1,"featured_media":17404,"comment_status":"closed","ping_status":"closed","sticky":false,"template":"","format":"standard","meta":{"footnotes":""},"categories":[41],"tags":[],"class_list":["post-17401","post","type-post","status-publish","format-standard","has-post-thumbnail","hentry","category-actualite"],"rttpg_featured_image_url":{"full":["https:\/\/anpej.sn\/accueil\/wp-content\/uploads\/2025\/11\/dd848eec-f838-4cbe-81b5-8236411e11ec.jpg",960,1280,false],"landscape":["https:\/\/anpej.sn\/accueil\/wp-content\/uploads\/2025\/11\/dd848eec-f838-4cbe-81b5-8236411e11ec.jpg",960,1280,false],"portraits":["https:\/\/anpej.sn\/accueil\/wp-content\/uploads\/2025\/11\/dd848eec-f838-4cbe-81b5-8236411e11ec.jpg",960,1280,false],"thumbnail":["https:\/\/anpej.sn\/accueil\/wp-content\/uploads\/2025\/11\/dd848eec-f838-4cbe-81b5-8236411e11ec-175x175.jpg",175,175,true],"medium":["https:\/\/anpej.sn\/accueil\/wp-content\/uploads\/2025\/11\/dd848eec-f838-4cbe-81b5-8236411e11ec-600x540.jpg",600,540,true],"large":["https:\/\/anpej.sn\/accueil\/wp-content\/uploads\/2025\/11\/dd848eec-f838-4cbe-81b5-8236411e11ec-768x1024.jpg",768,1024,true],"post-thumbnail":["https:\/\/anpej.sn\/accueil\/wp-content\/uploads\/2025\/11\/dd848eec-f838-4cbe-81b5-8236411e11ec-550x410.jpg",550,410,true],"consilox_medium":["https:\/\/anpej.sn\/accueil\/wp-content\/uploads\/2025\/11\/dd848eec-f838-4cbe-81b5-8236411e11ec-550x580.jpg",550,580,true],"woocommerce_thumbnail":["https:\/\/anpej.sn\/accueil\/wp-content\/uploads\/2025\/11\/dd848eec-f838-4cbe-81b5-8236411e11ec-300x300.jpg",300,300,true],"woocommerce_single":["https:\/\/anpej.sn\/accueil\/wp-content\/uploads\/2025\/11\/dd848eec-f838-4cbe-81b5-8236411e11ec-600x800.jpg",600,800,true],"woocommerce_gallery_thumbnail":["https:\/\/anpej.sn\/accueil\/wp-content\/uploads\/2025\/11\/dd848eec-f838-4cbe-81b5-8236411e11ec-180x180.jpg",180,180,true]},"rttpg_author":{"display_name":"admin","author_link":"https:\/\/anpej.sn\/accueil\/author\/admin\/"},"rttpg_comment":0,"rttpg_category":"<a href=\"https:\/\/anpej.sn\/accueil\/category\/actualite\/\" rel=\"category tag\">actualit\u00e9<\/a>","rttpg_excerpt":"Le mercredi 19 Novembre, l&#8217;antenne r\u00e9gionale de Thi\u00e8s a pris part au Forum des Entrepreneuriales (rencontre entre investisseurs et porteurs de projet). Cette journ\u00e9e d&#8217;\u00e9change et de partage organis\u00e9e par [&hellip;]","_links":{"self":[{"href":"https:\/\/anpej.sn\/accueil\/wp-json\/wp\/v2\/posts\/17401","targetHints":{"allow":["GET"]}}],"collection":[{"href":"https:\/\/anpej.sn\/accueil\/wp-json\/wp\/v2\/posts"}],"about":[{"href":"https:\/\/anpej.sn\/accueil\/wp-json\/wp\/v2\/types\/post"}],"author":[{"embeddable":true,"href":"https:\/\/anpej.sn\/accueil\/wp-json\/wp\/v2\/users\/1"}],"replies":[{"embeddable":true,"href":"https:\/\/anpej.sn\/accueil\/wp-json\/wp\/v2\/comments?post=17401"}],"version-history":[{"count":1,"href":"https:\/\/anpej.sn\/accueil\/wp-json\/wp\/v2\/posts\/17401\/revisions"}],"predecessor-version":[{"id":17403,"href":"https:\/\/anpej.sn\/accueil\/wp-json\/wp\/v2\/posts\/17401\/revisions\/17403"}],"wp:featuredmedia":[{"embeddable":true,"href":"https:\/\/anpej.sn\/accueil\/wp-json\/wp\/v2\/media\/17404"}],"wp:attachment":[{"href":"https:\/\/anpej.sn\/accueil\/wp-json\/wp\/v2\/media?parent=17401"}],"wp:term":[{"taxonomy":"category","embeddable":true,"href":"https:\/\/anpej.sn\/accueil\/wp-json\/wp\/v2\/categories?post=17401"},{"taxonomy":"post_tag","embeddable":true,"href":"https:\/\/anpej.sn\/accueil\/wp-json\/wp\/v2\/tags?post=17401"}],"curies":[{"name":"wp","href":"https:\/\/api.w.org\/{rel}","templated":true}]}}