{"id":17423,"date":"2025-11-28T18:21:38","date_gmt":"2025-11-28T17:21:38","guid":{"rendered":"https:\/\/anpej.sn\/accueil\/?p=17423"},"modified":"2025-11-28T18:21:39","modified_gmt":"2025-11-28T17:21:39","slug":"thies-renforcement-des-capacites-du-gie-kabonkoye-sur-la-dynamique-organisationnelle","status":"publish","type":"post","link":"https:\/\/anpej.sn\/accueil\/thies-renforcement-des-capacites-du-gie-kabonkoye-sur-la-dynamique-organisationnelle\/","title":{"rendered":"Thi\u00e8s : Renforcement des capacit\u00e9s du GIE Kabonkoye sur la dynamique organisationnelle"},"content":{"rendered":"\n<p>Les 19 et 20 novembre, l&#8217;antenne r\u00e9gionale de Thi\u00e8s en partenariat avec l&#8217;ULB Coop\u00e9ration, ONG de l&#8217;Universit\u00e9 libre de Bruxelles a anim\u00e9 une session de formation sur la dynamique organisationnelle. Cette activit\u00e9 qui vu la participation de 30 membres du GIE Kabonkoye de Saly Portugal, a permis d&#8217;aborder les notions de Leadership, de Prise d&#8217;initiative et de Responsabilit\u00e9 mais aussi de diagnostiquer les outils de gestion du GIE (gestion des approvisionnements, de la production, de la commercialisation, des ressources humaines, administrative et financi\u00e8re).<\/p>\n","protected":false},"excerpt":{"rendered":"<p>Les 19 et 20 novembre, l&#8217;antenne r\u00e9gionale de Thi\u00e8s en partenariat avec l&#8217;ULB Coop\u00e9ration, ONG de l&#8217;Universit\u00e9 libre de Bruxelles a anim\u00e9 une session de formation sur la dynamique organisationnelle. [&hellip;]<\/p>\n","protected":false},"author":1,"featured_media":17424,"comment_status":"closed","ping_status":"closed","sticky":false,"template":"","format":"standard","meta":{"footnotes":""},"categories":[41],"tags":[],"class_list":["post-17423","post","type-post","status-publish","format-standard","has-post-thumbnail","hentry","category-actualite"],"rttpg_featured_image_url":{"full":["https:\/\/anpej.sn\/accueil\/wp-content\/uploads\/2025\/11\/aef52c3e-ae96-4436-89d9-2004440a097a.jpg",960,1280,false],"landscape":["https:\/\/anpej.sn\/accueil\/wp-content\/uploads\/2025\/11\/aef52c3e-ae96-4436-89d9-2004440a097a.jpg",960,1280,false],"portraits":["https:\/\/anpej.sn\/accueil\/wp-content\/uploads\/2025\/11\/aef52c3e-ae96-4436-89d9-2004440a097a.jpg",960,1280,false],"thumbnail":["https:\/\/anpej.sn\/accueil\/wp-content\/uploads\/2025\/11\/aef52c3e-ae96-4436-89d9-2004440a097a-175x175.jpg",175,175,true],"medium":["https:\/\/anpej.sn\/accueil\/wp-content\/uploads\/2025\/11\/aef52c3e-ae96-4436-89d9-2004440a097a-600x540.jpg",600,540,true],"large":["https:\/\/anpej.sn\/accueil\/wp-content\/uploads\/2025\/11\/aef52c3e-ae96-4436-89d9-2004440a097a-768x1024.jpg",768,1024,true],"post-thumbnail":["https:\/\/anpej.sn\/accueil\/wp-content\/uploads\/2025\/11\/aef52c3e-ae96-4436-89d9-2004440a097a-550x410.jpg",550,410,true],"consilox_medium":["https:\/\/anpej.sn\/accueil\/wp-content\/uploads\/2025\/11\/aef52c3e-ae96-4436-89d9-2004440a097a-550x580.jpg",550,580,true],"woocommerce_thumbnail":["https:\/\/anpej.sn\/accueil\/wp-content\/uploads\/2025\/11\/aef52c3e-ae96-4436-89d9-2004440a097a-300x300.jpg",300,300,true],"woocommerce_single":["https:\/\/anpej.sn\/accueil\/wp-content\/uploads\/2025\/11\/aef52c3e-ae96-4436-89d9-2004440a097a-600x800.jpg",600,800,true],"woocommerce_gallery_thumbnail":["https:\/\/anpej.sn\/accueil\/wp-content\/uploads\/2025\/11\/aef52c3e-ae96-4436-89d9-2004440a097a-180x180.jpg",180,180,true]},"rttpg_author":{"display_name":"admin","author_link":"https:\/\/anpej.sn\/accueil\/author\/admin\/"},"rttpg_comment":0,"rttpg_category":"<a href=\"https:\/\/anpej.sn\/accueil\/category\/actualite\/\" rel=\"category tag\">actualit\u00e9<\/a>","rttpg_excerpt":"Les 19 et 20 novembre, l&#8217;antenne r\u00e9gionale de Thi\u00e8s en partenariat avec l&#8217;ULB Coop\u00e9ration, ONG de l&#8217;Universit\u00e9 libre de Bruxelles a anim\u00e9 une session de formation sur la dynamique organisationnelle. [&hellip;]","_links":{"self":[{"href":"https:\/\/anpej.sn\/accueil\/wp-json\/wp\/v2\/posts\/17423","targetHints":{"allow":["GET"]}}],"collection":[{"href":"https:\/\/anpej.sn\/accueil\/wp-json\/wp\/v2\/posts"}],"about":[{"href":"https:\/\/anpej.sn\/accueil\/wp-json\/wp\/v2\/types\/post"}],"author":[{"embeddable":true,"href":"https:\/\/anpej.sn\/accueil\/wp-json\/wp\/v2\/users\/1"}],"replies":[{"embeddable":true,"href":"https:\/\/anpej.sn\/accueil\/wp-json\/wp\/v2\/comments?post=17423"}],"version-history":[{"count":1,"href":"https:\/\/anpej.sn\/accueil\/wp-json\/wp\/v2\/posts\/17423\/revisions"}],"predecessor-version":[{"id":17425,"href":"https:\/\/anpej.sn\/accueil\/wp-json\/wp\/v2\/posts\/17423\/revisions\/17425"}],"wp:featuredmedia":[{"embeddable":true,"href":"https:\/\/anpej.sn\/accueil\/wp-json\/wp\/v2\/media\/17424"}],"wp:attachment":[{"href":"https:\/\/anpej.sn\/accueil\/wp-json\/wp\/v2\/media?parent=17423"}],"wp:term":[{"taxonomy":"category","embeddable":true,"href":"https:\/\/anpej.sn\/accueil\/wp-json\/wp\/v2\/categories?post=17423"},{"taxonomy":"post_tag","embeddable":true,"href":"https:\/\/anpej.sn\/accueil\/wp-json\/wp\/v2\/tags?post=17423"}],"curies":[{"name":"wp","href":"https:\/\/api.w.org\/{rel}","templated":true}]}}