{"id":17530,"date":"2026-01-08T10:23:50","date_gmt":"2026-01-08T09:23:50","guid":{"rendered":"https:\/\/anpej.sn\/accueil\/?p=17530"},"modified":"2026-01-13T10:27:29","modified_gmt":"2026-01-13T09:27:29","slug":"renforcement-de-lemployabilite-des-jeunes-de-bounkiling-lanpej-forme-25-beneficiaires-aux-techniques-de-plomberie","status":"publish","type":"post","link":"https:\/\/anpej.sn\/accueil\/renforcement-de-lemployabilite-des-jeunes-de-bounkiling-lanpej-forme-25-beneficiaires-aux-techniques-de-plomberie\/","title":{"rendered":"Renforcement de l\u2019employabilit\u00e9 des jeunes de Bounkiling : l\u2019ANPEJ forme 25 b\u00e9n\u00e9ficiaires aux techniques de plomberie"},"content":{"rendered":"\n<p>Actu_Antenne_Sud<\/p>\n\n\n\n<p>Dans le cadre de la mise en \u0153uvre de son programme de renforcement de l\u2019employabilit\u00e9 des jeunes, l\u2019Agence Nationale pour la Promotion de l\u2019Emploi des Jeunes (#ANPEJ ) a organis\u00e9, du 15 au 19 d\u00e9cembre, une session de formation en techniques de plomberie \ud83e\uddd1\u200d\ud83d\udd27\ud83e\udea0au b\u00e9n\u00e9fice de vingt-cinq (25) jeunes issus du d\u00e9partement de #Bounkiling .<\/p>\n\n\n\n<p>Cette activit\u00e9 s\u2019inscrit dans la strat\u00e9gie de diversification des comp\u00e9tences professionnelles et de valorisation des m\u00e9tiers porteurs. Elle vise \u00e0 promouvoir la fili\u00e8re plomberie, un secteur en pleine expansion offrant d\u2019importantes opportunit\u00e9s d\u2019insertion professionnelle, tout en dotant les b\u00e9n\u00e9ficiaires de comp\u00e9tences techniques adapt\u00e9es aux exigences du march\u00e9 du travail.<\/p>\n\n\n\n<p>\u00c0 l\u2019issue de cette formation, les participants feront l\u2019objet d\u2019un accompagnement structur\u00e9 en vue de l\u2019\u00e9laboration et de la mise en \u0153uvre de leur projet socioprofessionnel, conform\u00e9ment aux orientations de l\u2019ANPEJ en mati\u00e8re d\u2019insertion durable des jeunes.<\/p>\n","protected":false},"excerpt":{"rendered":"<p>Actu_Antenne_Sud Dans le cadre de la mise en \u0153uvre de son programme de renforcement de l\u2019employabilit\u00e9 des jeunes, l\u2019Agence Nationale pour la Promotion de l\u2019Emploi des Jeunes (#ANPEJ ) a [&hellip;]<\/p>\n","protected":false},"author":1,"featured_media":17531,"comment_status":"closed","ping_status":"closed","sticky":false,"template":"","format":"standard","meta":{"footnotes":""},"categories":[41],"tags":[],"class_list":["post-17530","post","type-post","status-publish","format-standard","has-post-thumbnail","hentry","category-actualite"],"rttpg_featured_image_url":{"full":["https:\/\/anpej.sn\/accueil\/wp-content\/uploads\/2026\/01\/plomberie.jpg",1280,960,false],"landscape":["https:\/\/anpej.sn\/accueil\/wp-content\/uploads\/2026\/01\/plomberie.jpg",1280,960,false],"portraits":["https:\/\/anpej.sn\/accueil\/wp-content\/uploads\/2026\/01\/plomberie.jpg",1280,960,false],"thumbnail":["https:\/\/anpej.sn\/accueil\/wp-content\/uploads\/2026\/01\/plomberie-175x175.jpg",175,175,true],"medium":["https:\/\/anpej.sn\/accueil\/wp-content\/uploads\/2026\/01\/plomberie-600x540.jpg",600,540,true],"large":["https:\/\/anpej.sn\/accueil\/wp-content\/uploads\/2026\/01\/plomberie-1024x768.jpg",900,675,true],"post-thumbnail":["https:\/\/anpej.sn\/accueil\/wp-content\/uploads\/2026\/01\/plomberie-550x410.jpg",550,410,true],"consilox_medium":["https:\/\/anpej.sn\/accueil\/wp-content\/uploads\/2026\/01\/plomberie-550x580.jpg",550,580,true],"woocommerce_thumbnail":["https:\/\/anpej.sn\/accueil\/wp-content\/uploads\/2026\/01\/plomberie-300x300.jpg",300,300,true],"woocommerce_single":["https:\/\/anpej.sn\/accueil\/wp-content\/uploads\/2026\/01\/plomberie-600x450.jpg",600,450,true],"woocommerce_gallery_thumbnail":["https:\/\/anpej.sn\/accueil\/wp-content\/uploads\/2026\/01\/plomberie-180x180.jpg",180,180,true]},"rttpg_author":{"display_name":"admin","author_link":"https:\/\/anpej.sn\/accueil\/author\/admin\/"},"rttpg_comment":0,"rttpg_category":"<a href=\"https:\/\/anpej.sn\/accueil\/category\/actualite\/\" rel=\"category tag\">actualit\u00e9<\/a>","rttpg_excerpt":"Actu_Antenne_Sud Dans le cadre de la mise en \u0153uvre de son programme de renforcement de l\u2019employabilit\u00e9 des jeunes, l\u2019Agence Nationale pour la Promotion de l\u2019Emploi des Jeunes (#ANPEJ ) a [&hellip;]","_links":{"self":[{"href":"https:\/\/anpej.sn\/accueil\/wp-json\/wp\/v2\/posts\/17530","targetHints":{"allow":["GET"]}}],"collection":[{"href":"https:\/\/anpej.sn\/accueil\/wp-json\/wp\/v2\/posts"}],"about":[{"href":"https:\/\/anpej.sn\/accueil\/wp-json\/wp\/v2\/types\/post"}],"author":[{"embeddable":true,"href":"https:\/\/anpej.sn\/accueil\/wp-json\/wp\/v2\/users\/1"}],"replies":[{"embeddable":true,"href":"https:\/\/anpej.sn\/accueil\/wp-json\/wp\/v2\/comments?post=17530"}],"version-history":[{"count":1,"href":"https:\/\/anpej.sn\/accueil\/wp-json\/wp\/v2\/posts\/17530\/revisions"}],"predecessor-version":[{"id":17532,"href":"https:\/\/anpej.sn\/accueil\/wp-json\/wp\/v2\/posts\/17530\/revisions\/17532"}],"wp:featuredmedia":[{"embeddable":true,"href":"https:\/\/anpej.sn\/accueil\/wp-json\/wp\/v2\/media\/17531"}],"wp:attachment":[{"href":"https:\/\/anpej.sn\/accueil\/wp-json\/wp\/v2\/media?parent=17530"}],"wp:term":[{"taxonomy":"category","embeddable":true,"href":"https:\/\/anpej.sn\/accueil\/wp-json\/wp\/v2\/categories?post=17530"},{"taxonomy":"post_tag","embeddable":true,"href":"https:\/\/anpej.sn\/accueil\/wp-json\/wp\/v2\/tags?post=17530"}],"curies":[{"name":"wp","href":"https:\/\/api.w.org\/{rel}","templated":true}]}}