{"id":17544,"date":"2026-01-21T15:17:19","date_gmt":"2026-01-21T14:17:19","guid":{"rendered":"https:\/\/anpej.sn\/accueil\/?p=17544"},"modified":"2026-01-21T15:17:19","modified_gmt":"2026-01-21T14:17:19","slug":"renforcement-de-lemployabilite-des-jeunes-a-travers-une-formation-en-competences-numeriques-a-kedougou","status":"publish","type":"post","link":"https:\/\/anpej.sn\/accueil\/renforcement-de-lemployabilite-des-jeunes-a-travers-une-formation-en-competences-numeriques-a-kedougou\/","title":{"rendered":"Renforcement de l\u2019employabilit\u00e9 des jeunes \u00e0 travers une formation en comp\u00e9tences num\u00e9riques \u00e0 K\u00e9dougou"},"content":{"rendered":"\n<p>L\u2019Agence Nationale pour la Promotion de l\u2019Emploi des Jeunes (ANPEJ) a organis\u00e9, du 08 au 12 janvier, une formation sur les comp\u00e9tences num\u00e9riques, notamment en infographie et en s\u00e9rigraphie, au profit de 25 jeunes r\u00e9partis en deux groupes.<br>\u00c0 travers cette initiative, les 25 b\u00e9n\u00e9ficiaires ont acquis des comp\u00e9tences pratiques et solides en communication visuelle, contribuant ainsi au renforcement de leur employabilit\u00e9 et de leurs capacit\u00e9s d\u2019insertion professionnelle.<br>@ANPEJ K\u00e9dougou<br>@Antenne R\u00e9gionale de Tambacounda<\/p>\n","protected":false},"excerpt":{"rendered":"<p>L\u2019Agence Nationale pour la Promotion de l\u2019Emploi des Jeunes (ANPEJ) a organis\u00e9, du 08 au 12 janvier, une formation sur les comp\u00e9tences num\u00e9riques, notamment en infographie et en s\u00e9rigraphie, au [&hellip;]<\/p>\n","protected":false},"author":1,"featured_media":17545,"comment_status":"closed","ping_status":"closed","sticky":false,"template":"","format":"standard","meta":{"footnotes":""},"categories":[41],"tags":[],"class_list":["post-17544","post","type-post","status-publish","format-standard","has-post-thumbnail","hentry","category-actualite"],"rttpg_featured_image_url":{"full":["https:\/\/anpej.sn\/accueil\/wp-content\/uploads\/2026\/01\/antenne-kedougou.jpg",1080,810,false],"landscape":["https:\/\/anpej.sn\/accueil\/wp-content\/uploads\/2026\/01\/antenne-kedougou.jpg",1080,810,false],"portraits":["https:\/\/anpej.sn\/accueil\/wp-content\/uploads\/2026\/01\/antenne-kedougou.jpg",1080,810,false],"thumbnail":["https:\/\/anpej.sn\/accueil\/wp-content\/uploads\/2026\/01\/antenne-kedougou-175x175.jpg",175,175,true],"medium":["https:\/\/anpej.sn\/accueil\/wp-content\/uploads\/2026\/01\/antenne-kedougou-600x540.jpg",600,540,true],"large":["https:\/\/anpej.sn\/accueil\/wp-content\/uploads\/2026\/01\/antenne-kedougou-1024x768.jpg",900,675,true],"post-thumbnail":["https:\/\/anpej.sn\/accueil\/wp-content\/uploads\/2026\/01\/antenne-kedougou-550x410.jpg",550,410,true],"consilox_medium":["https:\/\/anpej.sn\/accueil\/wp-content\/uploads\/2026\/01\/antenne-kedougou-550x580.jpg",550,580,true],"woocommerce_thumbnail":["https:\/\/anpej.sn\/accueil\/wp-content\/uploads\/2026\/01\/antenne-kedougou-300x300.jpg",300,300,true],"woocommerce_single":["https:\/\/anpej.sn\/accueil\/wp-content\/uploads\/2026\/01\/antenne-kedougou-600x450.jpg",600,450,true],"woocommerce_gallery_thumbnail":["https:\/\/anpej.sn\/accueil\/wp-content\/uploads\/2026\/01\/antenne-kedougou-180x180.jpg",180,180,true]},"rttpg_author":{"display_name":"admin","author_link":"https:\/\/anpej.sn\/accueil\/author\/admin\/"},"rttpg_comment":0,"rttpg_category":"<a href=\"https:\/\/anpej.sn\/accueil\/category\/actualite\/\" rel=\"category tag\">actualit\u00e9<\/a>","rttpg_excerpt":"L\u2019Agence Nationale pour la Promotion de l\u2019Emploi des Jeunes (ANPEJ) a organis\u00e9, du 08 au 12 janvier, une formation sur les comp\u00e9tences num\u00e9riques, notamment en infographie et en s\u00e9rigraphie, au [&hellip;]","_links":{"self":[{"href":"https:\/\/anpej.sn\/accueil\/wp-json\/wp\/v2\/posts\/17544","targetHints":{"allow":["GET"]}}],"collection":[{"href":"https:\/\/anpej.sn\/accueil\/wp-json\/wp\/v2\/posts"}],"about":[{"href":"https:\/\/anpej.sn\/accueil\/wp-json\/wp\/v2\/types\/post"}],"author":[{"embeddable":true,"href":"https:\/\/anpej.sn\/accueil\/wp-json\/wp\/v2\/users\/1"}],"replies":[{"embeddable":true,"href":"https:\/\/anpej.sn\/accueil\/wp-json\/wp\/v2\/comments?post=17544"}],"version-history":[{"count":1,"href":"https:\/\/anpej.sn\/accueil\/wp-json\/wp\/v2\/posts\/17544\/revisions"}],"predecessor-version":[{"id":17546,"href":"https:\/\/anpej.sn\/accueil\/wp-json\/wp\/v2\/posts\/17544\/revisions\/17546"}],"wp:featuredmedia":[{"embeddable":true,"href":"https:\/\/anpej.sn\/accueil\/wp-json\/wp\/v2\/media\/17545"}],"wp:attachment":[{"href":"https:\/\/anpej.sn\/accueil\/wp-json\/wp\/v2\/media?parent=17544"}],"wp:term":[{"taxonomy":"category","embeddable":true,"href":"https:\/\/anpej.sn\/accueil\/wp-json\/wp\/v2\/categories?post=17544"},{"taxonomy":"post_tag","embeddable":true,"href":"https:\/\/anpej.sn\/accueil\/wp-json\/wp\/v2\/tags?post=17544"}],"curies":[{"name":"wp","href":"https:\/\/api.w.org\/{rel}","templated":true}]}}