{"id":17565,"date":"2026-02-09T16:28:43","date_gmt":"2026-02-09T15:28:43","guid":{"rendered":"https:\/\/anpej.sn\/accueil\/?p=17565"},"modified":"2026-02-09T16:28:44","modified_gmt":"2026-02-09T15:28:44","slug":"pathways-lanpej-renforce-lorientation-et-lacces-aux-opportunites-locales-pour-les-jeunes-a-ziguinchor-et-kold","status":"publish","type":"post","link":"https:\/\/anpej.sn\/accueil\/pathways-lanpej-renforce-lorientation-et-lacces-aux-opportunites-locales-pour-les-jeunes-a-ziguinchor-et-kold\/","title":{"rendered":"PATHWAYS : l\u2019ANPEJ renforce l\u2019orientation et l\u2019acc\u00e8s aux opportunit\u00e9s locales pour les jeunes \u00e0 Ziguinchor et Kold"},"content":{"rendered":"\n<h1 class=\"wp-block-heading\">Actu_Antenne_Sud<\/h1>\n\n\n\n<p>Dans le cadre de l\u2019intervention pilote PATHWAYS, ax\u00e9e sur l\u2019am\u00e9lioration de la perception des opportunit\u00e9s locales et l\u2019orientation des jeunes, l\u2019Agence Nationale pour la Promotion de l\u2019Emploi des Jeunes (ANPEJ) a pris part \u00e0 une s\u00e9ance d\u2019information et de sensibilisation organis\u00e9e \u00e0 Ziguinchor.<\/p>\n\n\n\n<p> Lieu : Ziguinchor et Kolda<br> Dur\u00e9e : Deux (02) jours<br> Participation :<br>\u2022 Jour 1 et 2 : Ziguinchor 129 participants<br>\u2022 Jour 1 et 2 : Kolda 180 participants<\/p>\n\n\n\n<p> Objectif global :<br>Renforcer l\u2019information, l\u2019orientation et les capacit\u00e9s des jeunes afin de faciliter leur engagement dans les opportunit\u00e9s locales d\u2019emploi, de formation et d\u2019entrepreneuriat.<br>Contributions de l\u2019ANPEJ :<br>\u2022 Pr\u00e9sentation des offres de services de l\u2019ANPEJ, notamment en mati\u00e8re d\u2019emploi, d\u2019insertion professionnelle et d\u2019accompagnement \u00e0 l\u2019entrepreneuriat.<br>\u2022 Animation d\u2019ateliers pratiques portant sur :<\/p>\n\n\n\n<ul class=\"wp-block-list\">\n<li>les techniques de recherche d\u2019emploi : la conception d\u2019un CV professionnel, la r\u00e9daction de demandes d\u2019emploi, les notions de base li\u00e9es \u00e0 l\u2019\u00e9laboration d\u2019un business plan. Cette s\u00e9ance a permis aux jeunes participants de mieux conna\u00eetre les dispositifs existants, de r\u00e9duire les obstacles li\u00e9s \u00e0 l\u2019acc\u00e8s \u00e0 l\u2019information et de poser les premi\u00e8res bases d\u2019un plan d\u2019action concret en lien avec leur projet professionnel ou entrepreneurial.<\/li>\n<\/ul>\n","protected":false},"excerpt":{"rendered":"<p>Actu_Antenne_Sud Dans le cadre de l\u2019intervention pilote PATHWAYS, ax\u00e9e sur l\u2019am\u00e9lioration de la perception des opportunit\u00e9s locales et l\u2019orientation des jeunes, l\u2019Agence Nationale pour la Promotion de l\u2019Emploi des Jeunes [&hellip;]<\/p>\n","protected":false},"author":1,"featured_media":17566,"comment_status":"closed","ping_status":"closed","sticky":false,"template":"","format":"standard","meta":{"footnotes":""},"categories":[41],"tags":[],"class_list":["post-17565","post","type-post","status-publish","format-standard","has-post-thumbnail","hentry","category-actualite"],"rttpg_featured_image_url":{"full":["https:\/\/anpej.sn\/accueil\/wp-content\/uploads\/2026\/02\/antenne-sud-zig.jpg",814,490,false],"landscape":["https:\/\/anpej.sn\/accueil\/wp-content\/uploads\/2026\/02\/antenne-sud-zig.jpg",814,490,false],"portraits":["https:\/\/anpej.sn\/accueil\/wp-content\/uploads\/2026\/02\/antenne-sud-zig.jpg",814,490,false],"thumbnail":["https:\/\/anpej.sn\/accueil\/wp-content\/uploads\/2026\/02\/antenne-sud-zig-175x175.jpg",175,175,true],"medium":["https:\/\/anpej.sn\/accueil\/wp-content\/uploads\/2026\/02\/antenne-sud-zig-600x490.jpg",600,490,true],"large":["https:\/\/anpej.sn\/accueil\/wp-content\/uploads\/2026\/02\/antenne-sud-zig.jpg",814,490,false],"post-thumbnail":["https:\/\/anpej.sn\/accueil\/wp-content\/uploads\/2026\/02\/antenne-sud-zig-550x410.jpg",550,410,true],"consilox_medium":["https:\/\/anpej.sn\/accueil\/wp-content\/uploads\/2026\/02\/antenne-sud-zig-550x490.jpg",550,490,true],"woocommerce_thumbnail":["https:\/\/anpej.sn\/accueil\/wp-content\/uploads\/2026\/02\/antenne-sud-zig-300x300.jpg",300,300,true],"woocommerce_single":["https:\/\/anpej.sn\/accueil\/wp-content\/uploads\/2026\/02\/antenne-sud-zig-600x361.jpg",600,361,true],"woocommerce_gallery_thumbnail":["https:\/\/anpej.sn\/accueil\/wp-content\/uploads\/2026\/02\/antenne-sud-zig-180x180.jpg",180,180,true]},"rttpg_author":{"display_name":"admin","author_link":"https:\/\/anpej.sn\/accueil\/author\/admin\/"},"rttpg_comment":0,"rttpg_category":"<a href=\"https:\/\/anpej.sn\/accueil\/category\/actualite\/\" rel=\"category tag\">actualit\u00e9<\/a>","rttpg_excerpt":"Actu_Antenne_Sud Dans le cadre de l\u2019intervention pilote PATHWAYS, ax\u00e9e sur l\u2019am\u00e9lioration de la perception des opportunit\u00e9s locales et l\u2019orientation des jeunes, l\u2019Agence Nationale pour la Promotion de l\u2019Emploi des Jeunes [&hellip;]","_links":{"self":[{"href":"https:\/\/anpej.sn\/accueil\/wp-json\/wp\/v2\/posts\/17565","targetHints":{"allow":["GET"]}}],"collection":[{"href":"https:\/\/anpej.sn\/accueil\/wp-json\/wp\/v2\/posts"}],"about":[{"href":"https:\/\/anpej.sn\/accueil\/wp-json\/wp\/v2\/types\/post"}],"author":[{"embeddable":true,"href":"https:\/\/anpej.sn\/accueil\/wp-json\/wp\/v2\/users\/1"}],"replies":[{"embeddable":true,"href":"https:\/\/anpej.sn\/accueil\/wp-json\/wp\/v2\/comments?post=17565"}],"version-history":[{"count":1,"href":"https:\/\/anpej.sn\/accueil\/wp-json\/wp\/v2\/posts\/17565\/revisions"}],"predecessor-version":[{"id":17567,"href":"https:\/\/anpej.sn\/accueil\/wp-json\/wp\/v2\/posts\/17565\/revisions\/17567"}],"wp:featuredmedia":[{"embeddable":true,"href":"https:\/\/anpej.sn\/accueil\/wp-json\/wp\/v2\/media\/17566"}],"wp:attachment":[{"href":"https:\/\/anpej.sn\/accueil\/wp-json\/wp\/v2\/media?parent=17565"}],"wp:term":[{"taxonomy":"category","embeddable":true,"href":"https:\/\/anpej.sn\/accueil\/wp-json\/wp\/v2\/categories?post=17565"},{"taxonomy":"post_tag","embeddable":true,"href":"https:\/\/anpej.sn\/accueil\/wp-json\/wp\/v2\/tags?post=17565"}],"curies":[{"name":"wp","href":"https:\/\/api.w.org\/{rel}","templated":true}]}}