{"id":17572,"date":"2026-02-16T10:03:22","date_gmt":"2026-02-16T09:03:22","guid":{"rendered":"https:\/\/anpej.sn\/accueil\/?p=17572"},"modified":"2026-02-17T11:14:02","modified_gmt":"2026-02-17T10:14:02","slug":"koungheul-le-forum-de-lentrepreneuriat-met-en-lumiere-le-role-strategique-de-laviculture-moderne-dans-lemploi-des-jeunes-et-la-souverainete-alimentaire-sous-legi","status":"publish","type":"post","link":"https:\/\/anpej.sn\/accueil\/koungheul-le-forum-de-lentrepreneuriat-met-en-lumiere-le-role-strategique-de-laviculture-moderne-dans-lemploi-des-jeunes-et-la-souverainete-alimentaire-sous-legi\/","title":{"rendered":"Koungheul : le Forum de l\u2019Entrepreneuriat met en lumi\u00e8re le r\u00f4le strat\u00e9gique de l\u2019aviculture moderne dans l\u2019emploi des jeunes et la souverainet\u00e9 alimentaire, sous l\u2019\u00e9gide de l\u2019ANPEJ"},"content":{"rendered":"\n<p>Ce samedi 14 f\u00e9vrier 2026, Koungheul a vibr\u00e9 au rythme de l\u2019ambition et de l\u2019action gr\u00e2ce au Forum de l\u2019Entrepreneuriat organis\u00e9 par le R\u00e9seau des Entrepreneurs du S\u00e9n\u00e9gal (RES), sous le parrainage de la Directrice G\u00e9n\u00e9rale de l\u2019Agence Nationale pour la Promotion de l\u2019Emploi des Jeunes (ANPEJ), Mme Sinna Amadou Gaye.<\/p>\n\n\n\n<p>\u00c0 travers le th\u00e8me central sur l\u2019aviculture moderne, les \u00e9changes ont mis en lumi\u00e8re les cl\u00e9s du succ\u00e8s : professionnalisation des acteurs, ma\u00eetrise des techniques de production, respect des normes sanitaires, acc\u00e8s au financement et strat\u00e9gies de commercialisation rentables. L\u2019aviculture n\u2019est plus une activit\u00e9 de subsistance ; elle devient un v\u00e9ritable levier de cr\u00e9ation de valeur et de souverainet\u00e9 alimentaire.<\/p>\n\n\n\n<p>La r\u00e9flexion sur l\u2019entrepreneuriat agricole rural a pos\u00e9 une question essentielle : peut-il \u00eatre le moteur de l\u2019autosuffisance alimentaire au S\u00e9n\u00e9gal ? La r\u00e9ponse est claire : oui, si nous misons sur l\u2019innovation, la transformation locale, la structuration des fili\u00e8res et l\u2019accompagnement technique des jeunes porteurs de projets. Nos territoires regorgent de potentiels encore sous-exploit\u00e9s.<\/p>\n\n\n\n<p>Enfin, le d\u00e9bat sur l\u2019impact de l\u2019entrepreneuriat dans la r\u00e9duction du ch\u00f4mage et la lutte contre l\u2019\u00e9migration clandestine a rappel\u00e9 une \u00e9vidence : offrir des opportunit\u00e9s \u00e9conomiques viables sur place, c\u2019est redonner espoir \u00e0 notre jeunesse. L\u2019entrepreneuriat n\u2019est pas seulement une solution \u00e9conomique ; c&#8217;est une r\u00e9ponse sociale et patriotique.<\/p>\n\n\n\n<p>Ce forum marque ainsi une \u00e9tape importante : celle d\u2019un engagement collectif pour transformer nos id\u00e9es en entreprises durables, nos ressources locales en richesse nationale, et nos jeunes en acteurs du d\u00e9veloppement.<\/p>\n\n\n\n<p>Koungheul a montr\u00e9 que l\u2019avenir se construit ici et maintenant.<\/p>\n","protected":false},"excerpt":{"rendered":"<p>Ce samedi 14 f\u00e9vrier 2026, Koungheul a vibr\u00e9 au rythme de l\u2019ambition et de l\u2019action gr\u00e2ce au Forum de l\u2019Entrepreneuriat organis\u00e9 par le R\u00e9seau des Entrepreneurs du S\u00e9n\u00e9gal (RES), sous [&hellip;]<\/p>\n","protected":false},"author":1,"featured_media":17573,"comment_status":"closed","ping_status":"closed","sticky":false,"template":"","format":"standard","meta":{"footnotes":""},"categories":[41],"tags":[],"class_list":["post-17572","post","type-post","status-publish","format-standard","has-post-thumbnail","hentry","category-actualite"],"rttpg_featured_image_url":{"full":["https:\/\/anpej.sn\/accueil\/wp-content\/uploads\/2026\/02\/img-koungheul.jpg",720,720,false],"landscape":["https:\/\/anpej.sn\/accueil\/wp-content\/uploads\/2026\/02\/img-koungheul.jpg",720,720,false],"portraits":["https:\/\/anpej.sn\/accueil\/wp-content\/uploads\/2026\/02\/img-koungheul.jpg",720,720,false],"thumbnail":["https:\/\/anpej.sn\/accueil\/wp-content\/uploads\/2026\/02\/img-koungheul-175x175.jpg",175,175,true],"medium":["https:\/\/anpej.sn\/accueil\/wp-content\/uploads\/2026\/02\/img-koungheul-600x540.jpg",600,540,true],"large":["https:\/\/anpej.sn\/accueil\/wp-content\/uploads\/2026\/02\/img-koungheul.jpg",720,720,false],"post-thumbnail":["https:\/\/anpej.sn\/accueil\/wp-content\/uploads\/2026\/02\/img-koungheul-550x410.jpg",550,410,true],"consilox_medium":["https:\/\/anpej.sn\/accueil\/wp-content\/uploads\/2026\/02\/img-koungheul-550x580.jpg",550,580,true],"woocommerce_thumbnail":["https:\/\/anpej.sn\/accueil\/wp-content\/uploads\/2026\/02\/img-koungheul-300x300.jpg",300,300,true],"woocommerce_single":["https:\/\/anpej.sn\/accueil\/wp-content\/uploads\/2026\/02\/img-koungheul-600x600.jpg",600,600,true],"woocommerce_gallery_thumbnail":["https:\/\/anpej.sn\/accueil\/wp-content\/uploads\/2026\/02\/img-koungheul-180x180.jpg",180,180,true]},"rttpg_author":{"display_name":"admin","author_link":"https:\/\/anpej.sn\/accueil\/author\/admin\/"},"rttpg_comment":0,"rttpg_category":"<a href=\"https:\/\/anpej.sn\/accueil\/category\/actualite\/\" rel=\"category tag\">actualit\u00e9<\/a>","rttpg_excerpt":"Ce samedi 14 f\u00e9vrier 2026, Koungheul a vibr\u00e9 au rythme de l\u2019ambition et de l\u2019action gr\u00e2ce au Forum de l\u2019Entrepreneuriat organis\u00e9 par le R\u00e9seau des Entrepreneurs du S\u00e9n\u00e9gal (RES), sous [&hellip;]","_links":{"self":[{"href":"https:\/\/anpej.sn\/accueil\/wp-json\/wp\/v2\/posts\/17572","targetHints":{"allow":["GET"]}}],"collection":[{"href":"https:\/\/anpej.sn\/accueil\/wp-json\/wp\/v2\/posts"}],"about":[{"href":"https:\/\/anpej.sn\/accueil\/wp-json\/wp\/v2\/types\/post"}],"author":[{"embeddable":true,"href":"https:\/\/anpej.sn\/accueil\/wp-json\/wp\/v2\/users\/1"}],"replies":[{"embeddable":true,"href":"https:\/\/anpej.sn\/accueil\/wp-json\/wp\/v2\/comments?post=17572"}],"version-history":[{"count":1,"href":"https:\/\/anpej.sn\/accueil\/wp-json\/wp\/v2\/posts\/17572\/revisions"}],"predecessor-version":[{"id":17574,"href":"https:\/\/anpej.sn\/accueil\/wp-json\/wp\/v2\/posts\/17572\/revisions\/17574"}],"wp:featuredmedia":[{"embeddable":true,"href":"https:\/\/anpej.sn\/accueil\/wp-json\/wp\/v2\/media\/17573"}],"wp:attachment":[{"href":"https:\/\/anpej.sn\/accueil\/wp-json\/wp\/v2\/media?parent=17572"}],"wp:term":[{"taxonomy":"category","embeddable":true,"href":"https:\/\/anpej.sn\/accueil\/wp-json\/wp\/v2\/categories?post=17572"},{"taxonomy":"post_tag","embeddable":true,"href":"https:\/\/anpej.sn\/accueil\/wp-json\/wp\/v2\/tags?post=17572"}],"curies":[{"name":"wp","href":"https:\/\/api.w.org\/{rel}","templated":true}]}}