{"id":17575,"date":"2026-02-16T11:19:39","date_gmt":"2026-02-16T10:19:39","guid":{"rendered":"https:\/\/anpej.sn\/accueil\/?p=17575"},"modified":"2026-02-17T11:43:13","modified_gmt":"2026-02-17T10:43:13","slug":"thies-formation-en-patisserie-17-jeunes-de-la-commune-renforcent-leurs-competences-entrepreneuriales","status":"publish","type":"post","link":"https:\/\/anpej.sn\/accueil\/thies-formation-en-patisserie-17-jeunes-de-la-commune-renforcent-leurs-competences-entrepreneuriales\/","title":{"rendered":"Thi\u00e8s : Formation en p\u00e2tisserie 17 jeunes de la commune renforcent leurs comp\u00e9tences entrepreneuriales"},"content":{"rendered":"\n<p>l&#8217;Incubateur L\u00e9rane Africa accompagn\u00e9 par l&#8217;Antenne r\u00e9gionale de Thi\u00e8s l&#8217;Espace jeune de Thi\u00e8s et l&#8217;Incubateur Sama Entreprise dans le cible et la mobilisation des ressources techniques et financi\u00e8res a organis\u00e9 une formation en P\u00e2tisserie au profit de 17 jeunes de la commune.<br>Durant deux jours, les capacit\u00e9s des participants sont renforc\u00e9es sur les techniques de fabrication de :<\/p>\n\n\n\n<ul class=\"wp-block-list\">\n<li>G\u00e2teaux d&#8217;anniversaire ;<\/li>\n\n\n\n<li>Feuillet\u00e9s Hot-Dog ;<\/li>\n\n\n\n<li>Cakes ;<\/li>\n\n\n\n<li>Mini pizza ;<\/li>\n\n\n\n<li>Mini tacos et<\/li>\n\n\n\n<li>Nems.<\/li>\n<\/ul>\n","protected":false},"excerpt":{"rendered":"<p>l&#8217;Incubateur L\u00e9rane Africa accompagn\u00e9 par l&#8217;Antenne r\u00e9gionale de Thi\u00e8s l&#8217;Espace jeune de Thi\u00e8s et l&#8217;Incubateur Sama Entreprise dans le cible et la mobilisation des ressources techniques et financi\u00e8res a organis\u00e9 [&hellip;]<\/p>\n","protected":false},"author":1,"featured_media":17576,"comment_status":"closed","ping_status":"closed","sticky":false,"template":"","format":"standard","meta":{"footnotes":""},"categories":[41],"tags":[],"class_list":["post-17575","post","type-post","status-publish","format-standard","has-post-thumbnail","hentry","category-actualite"],"rttpg_featured_image_url":{"full":["https:\/\/anpej.sn\/accueil\/wp-content\/uploads\/2026\/02\/form-thies-ca.jpg",810,1080,false],"landscape":["https:\/\/anpej.sn\/accueil\/wp-content\/uploads\/2026\/02\/form-thies-ca.jpg",810,1080,false],"portraits":["https:\/\/anpej.sn\/accueil\/wp-content\/uploads\/2026\/02\/form-thies-ca.jpg",810,1080,false],"thumbnail":["https:\/\/anpej.sn\/accueil\/wp-content\/uploads\/2026\/02\/form-thies-ca-175x175.jpg",175,175,true],"medium":["https:\/\/anpej.sn\/accueil\/wp-content\/uploads\/2026\/02\/form-thies-ca-600x540.jpg",600,540,true],"large":["https:\/\/anpej.sn\/accueil\/wp-content\/uploads\/2026\/02\/form-thies-ca-768x1024.jpg",768,1024,true],"post-thumbnail":["https:\/\/anpej.sn\/accueil\/wp-content\/uploads\/2026\/02\/form-thies-ca-550x410.jpg",550,410,true],"consilox_medium":["https:\/\/anpej.sn\/accueil\/wp-content\/uploads\/2026\/02\/form-thies-ca-550x580.jpg",550,580,true],"woocommerce_thumbnail":["https:\/\/anpej.sn\/accueil\/wp-content\/uploads\/2026\/02\/form-thies-ca-300x300.jpg",300,300,true],"woocommerce_single":["https:\/\/anpej.sn\/accueil\/wp-content\/uploads\/2026\/02\/form-thies-ca-600x800.jpg",600,800,true],"woocommerce_gallery_thumbnail":["https:\/\/anpej.sn\/accueil\/wp-content\/uploads\/2026\/02\/form-thies-ca-180x180.jpg",180,180,true]},"rttpg_author":{"display_name":"admin","author_link":"https:\/\/anpej.sn\/accueil\/author\/admin\/"},"rttpg_comment":0,"rttpg_category":"<a href=\"https:\/\/anpej.sn\/accueil\/category\/actualite\/\" rel=\"category tag\">actualit\u00e9<\/a>","rttpg_excerpt":"l&#8217;Incubateur L\u00e9rane Africa accompagn\u00e9 par l&#8217;Antenne r\u00e9gionale de Thi\u00e8s l&#8217;Espace jeune de Thi\u00e8s et l&#8217;Incubateur Sama Entreprise dans le cible et la mobilisation des ressources techniques et financi\u00e8res a organis\u00e9 [&hellip;]","_links":{"self":[{"href":"https:\/\/anpej.sn\/accueil\/wp-json\/wp\/v2\/posts\/17575","targetHints":{"allow":["GET"]}}],"collection":[{"href":"https:\/\/anpej.sn\/accueil\/wp-json\/wp\/v2\/posts"}],"about":[{"href":"https:\/\/anpej.sn\/accueil\/wp-json\/wp\/v2\/types\/post"}],"author":[{"embeddable":true,"href":"https:\/\/anpej.sn\/accueil\/wp-json\/wp\/v2\/users\/1"}],"replies":[{"embeddable":true,"href":"https:\/\/anpej.sn\/accueil\/wp-json\/wp\/v2\/comments?post=17575"}],"version-history":[{"count":1,"href":"https:\/\/anpej.sn\/accueil\/wp-json\/wp\/v2\/posts\/17575\/revisions"}],"predecessor-version":[{"id":17577,"href":"https:\/\/anpej.sn\/accueil\/wp-json\/wp\/v2\/posts\/17575\/revisions\/17577"}],"wp:featuredmedia":[{"embeddable":true,"href":"https:\/\/anpej.sn\/accueil\/wp-json\/wp\/v2\/media\/17576"}],"wp:attachment":[{"href":"https:\/\/anpej.sn\/accueil\/wp-json\/wp\/v2\/media?parent=17575"}],"wp:term":[{"taxonomy":"category","embeddable":true,"href":"https:\/\/anpej.sn\/accueil\/wp-json\/wp\/v2\/categories?post=17575"},{"taxonomy":"post_tag","embeddable":true,"href":"https:\/\/anpej.sn\/accueil\/wp-json\/wp\/v2\/tags?post=17575"}],"curies":[{"name":"wp","href":"https:\/\/api.w.org\/{rel}","templated":true}]}}