{"id":17578,"date":"2026-02-16T12:12:18","date_gmt":"2026-02-16T11:12:18","guid":{"rendered":"https:\/\/anpej.sn\/accueil\/?p=17578"},"modified":"2026-02-17T12:56:57","modified_gmt":"2026-02-17T11:56:57","slug":"agri-accelerateur-2-0-mobilisation-institutionnelle-autour-de-linformation-et-de-la-sensibilisation-des-jeunes-porteurs-de-projets-a-thies","status":"publish","type":"post","link":"https:\/\/anpej.sn\/accueil\/agri-accelerateur-2-0-mobilisation-institutionnelle-autour-de-linformation-et-de-la-sensibilisation-des-jeunes-porteurs-de-projets-a-thies\/","title":{"rendered":"Agri Acc\u00e9l\u00e9rateur 2.0 : mobilisation institutionnelle autour de l\u2019information et de la sensibilisation des jeunes porteurs de projets \u00e0 Thi\u00e8s"},"content":{"rendered":"\n<p>Dans le cadre de la vulgarisation du projet agri acc\u00e9l\u00e9rateur 2.0, l&#8217;antenne r\u00e9gionale de Thi\u00e8s a organis\u00e9 une journ\u00e9e d&#8217;information et de sensibilisation au profit des jeunes pr\u00e9s\u00e9lectionn\u00e9s suite \u00e0 l&#8217;appel \u00e0 manifestation d&#8217;int\u00e9r\u00eat lanc\u00e9 au mois de d\u00e9cembre.<br>Cette journ\u00e9e pr\u00e9sid\u00e9e par Monsieur l&#8217;Adjoint au sous pr\u00e9fet de Thi\u00e8s ouest repr\u00e9sentant Monsieur le Gouverneur et en pr\u00e9sence d&#8217;un repr\u00e9sentant du Maire de Thi\u00e8s, d&#8217;un repr\u00e9sentant de la FAO et de la cheffe du projet, repr\u00e9sentant aussi Madame le Directeur g\u00e9n\u00e9ral de l&#8217;ANPEJ, \u00e9tait riche en \u00e9changes entre les 69 participants et l&#8217;\u00e9quipe de sensibilisation.<\/p>\n\n\n\n<p><\/p>\n","protected":false},"excerpt":{"rendered":"<p>Dans le cadre de la vulgarisation du projet agri acc\u00e9l\u00e9rateur 2.0, l&#8217;antenne r\u00e9gionale de Thi\u00e8s a organis\u00e9 une journ\u00e9e d&#8217;information et de sensibilisation au profit des jeunes pr\u00e9s\u00e9lectionn\u00e9s suite \u00e0 [&hellip;]<\/p>\n","protected":false},"author":1,"featured_media":17579,"comment_status":"closed","ping_status":"closed","sticky":false,"template":"","format":"standard","meta":{"footnotes":""},"categories":[41],"tags":[],"class_list":["post-17578","post","type-post","status-publish","format-standard","has-post-thumbnail","hentry","category-actualite"],"rttpg_featured_image_url":{"full":["https:\/\/anpej.sn\/accueil\/wp-content\/uploads\/2026\/02\/fao.jpg",1280,960,false],"landscape":["https:\/\/anpej.sn\/accueil\/wp-content\/uploads\/2026\/02\/fao.jpg",1280,960,false],"portraits":["https:\/\/anpej.sn\/accueil\/wp-content\/uploads\/2026\/02\/fao.jpg",1280,960,false],"thumbnail":["https:\/\/anpej.sn\/accueil\/wp-content\/uploads\/2026\/02\/fao-175x175.jpg",175,175,true],"medium":["https:\/\/anpej.sn\/accueil\/wp-content\/uploads\/2026\/02\/fao-600x540.jpg",600,540,true],"large":["https:\/\/anpej.sn\/accueil\/wp-content\/uploads\/2026\/02\/fao-1024x768.jpg",900,675,true],"post-thumbnail":["https:\/\/anpej.sn\/accueil\/wp-content\/uploads\/2026\/02\/fao-550x410.jpg",550,410,true],"consilox_medium":["https:\/\/anpej.sn\/accueil\/wp-content\/uploads\/2026\/02\/fao-550x580.jpg",550,580,true],"woocommerce_thumbnail":["https:\/\/anpej.sn\/accueil\/wp-content\/uploads\/2026\/02\/fao-300x300.jpg",300,300,true],"woocommerce_single":["https:\/\/anpej.sn\/accueil\/wp-content\/uploads\/2026\/02\/fao-600x450.jpg",600,450,true],"woocommerce_gallery_thumbnail":["https:\/\/anpej.sn\/accueil\/wp-content\/uploads\/2026\/02\/fao-180x180.jpg",180,180,true]},"rttpg_author":{"display_name":"admin","author_link":"https:\/\/anpej.sn\/accueil\/author\/admin\/"},"rttpg_comment":0,"rttpg_category":"<a href=\"https:\/\/anpej.sn\/accueil\/category\/actualite\/\" rel=\"category tag\">actualit\u00e9<\/a>","rttpg_excerpt":"Dans le cadre de la vulgarisation du projet agri acc\u00e9l\u00e9rateur 2.0, l&#8217;antenne r\u00e9gionale de Thi\u00e8s a organis\u00e9 une journ\u00e9e d&#8217;information et de sensibilisation au profit des jeunes pr\u00e9s\u00e9lectionn\u00e9s suite \u00e0 [&hellip;]","_links":{"self":[{"href":"https:\/\/anpej.sn\/accueil\/wp-json\/wp\/v2\/posts\/17578","targetHints":{"allow":["GET"]}}],"collection":[{"href":"https:\/\/anpej.sn\/accueil\/wp-json\/wp\/v2\/posts"}],"about":[{"href":"https:\/\/anpej.sn\/accueil\/wp-json\/wp\/v2\/types\/post"}],"author":[{"embeddable":true,"href":"https:\/\/anpej.sn\/accueil\/wp-json\/wp\/v2\/users\/1"}],"replies":[{"embeddable":true,"href":"https:\/\/anpej.sn\/accueil\/wp-json\/wp\/v2\/comments?post=17578"}],"version-history":[{"count":1,"href":"https:\/\/anpej.sn\/accueil\/wp-json\/wp\/v2\/posts\/17578\/revisions"}],"predecessor-version":[{"id":17580,"href":"https:\/\/anpej.sn\/accueil\/wp-json\/wp\/v2\/posts\/17578\/revisions\/17580"}],"wp:featuredmedia":[{"embeddable":true,"href":"https:\/\/anpej.sn\/accueil\/wp-json\/wp\/v2\/media\/17579"}],"wp:attachment":[{"href":"https:\/\/anpej.sn\/accueil\/wp-json\/wp\/v2\/media?parent=17578"}],"wp:term":[{"taxonomy":"category","embeddable":true,"href":"https:\/\/anpej.sn\/accueil\/wp-json\/wp\/v2\/categories?post=17578"},{"taxonomy":"post_tag","embeddable":true,"href":"https:\/\/anpej.sn\/accueil\/wp-json\/wp\/v2\/tags?post=17578"}],"curies":[{"name":"wp","href":"https:\/\/api.w.org\/{rel}","templated":true}]}}