{"id":17581,"date":"2026-02-16T13:07:30","date_gmt":"2026-02-16T12:07:30","guid":{"rendered":"https:\/\/anpej.sn\/accueil\/?p=17581"},"modified":"2026-02-17T13:09:45","modified_gmt":"2026-02-17T12:09:45","slug":"renforcement-des-competences-entrepreneuriales-des-artisans-lantenne-regionale-de-thies-engagee-aux-cotes-de-la-chambre-des-metiers-dans-le-cadre-du-projet-elan-ci-artisanat","status":"publish","type":"post","link":"https:\/\/anpej.sn\/accueil\/renforcement-des-competences-entrepreneuriales-des-artisans-lantenne-regionale-de-thies-engagee-aux-cotes-de-la-chambre-des-metiers-dans-le-cadre-du-projet-elan-ci-artisanat\/","title":{"rendered":"Renforcement des comp\u00e9tences entrepreneuriales des artisans : l\u2019Antenne r\u00e9gionale de Thi\u00e8s engag\u00e9e aux c\u00f4t\u00e9s de la Chambre des m\u00e9tiers dans le cadre du projet \u00c9lan ci Artisanat"},"content":{"rendered":"\n<p>L&#8217;Antenne r\u00e9gionale de Thi\u00e8s a pris part \u00e0 la Formation sur les comp\u00e9tences entrepreneuriales organis\u00e9e par la Chambre des m\u00e9tiers de Thi\u00e8s en partenariat avec la SENEGEL.<br>Cette initiative qui s&#8217;inscrit dans le cadre du projet d\u00e9nomm\u00e9 \u00c9lan ci Artisanat a vu la participation de 125 artisans affili\u00e9s \u00e0 la chambre des m\u00e9tiers.<br>Durant deux jours, les diff\u00e9rents intervenants ont \u00e9chang\u00e9 avec les participants sur :<\/p>\n\n\n\n<ul class=\"wp-block-list\">\n<li>la gestion administrative et financi\u00e8re,<\/li>\n\n\n\n<li>l&#8217;\u00e9ducation financi\u00e8re,<\/li>\n\n\n\n<li>la formalisation et<\/li>\n\n\n\n<li>sur le dispositif d&#8217;accompagnement que l&#8217;ANPEJ a mis en place pour les entrepreneurs.<\/li>\n<\/ul>\n","protected":false},"excerpt":{"rendered":"<p>L&#8217;Antenne r\u00e9gionale de Thi\u00e8s a pris part \u00e0 la Formation sur les comp\u00e9tences entrepreneuriales organis\u00e9e par la Chambre des m\u00e9tiers de Thi\u00e8s en partenariat avec la SENEGEL.Cette initiative qui s&#8217;inscrit [&hellip;]<\/p>\n","protected":false},"author":1,"featured_media":17582,"comment_status":"closed","ping_status":"closed","sticky":false,"template":"","format":"standard","meta":{"footnotes":""},"categories":[41],"tags":[],"class_list":["post-17581","post","type-post","status-publish","format-standard","has-post-thumbnail","hentry","category-actualite"],"rttpg_featured_image_url":{"full":["https:\/\/anpej.sn\/accueil\/wp-content\/uploads\/2026\/02\/img-artisanat.jpg",1080,810,false],"landscape":["https:\/\/anpej.sn\/accueil\/wp-content\/uploads\/2026\/02\/img-artisanat.jpg",1080,810,false],"portraits":["https:\/\/anpej.sn\/accueil\/wp-content\/uploads\/2026\/02\/img-artisanat.jpg",1080,810,false],"thumbnail":["https:\/\/anpej.sn\/accueil\/wp-content\/uploads\/2026\/02\/img-artisanat-175x175.jpg",175,175,true],"medium":["https:\/\/anpej.sn\/accueil\/wp-content\/uploads\/2026\/02\/img-artisanat-600x540.jpg",600,540,true],"large":["https:\/\/anpej.sn\/accueil\/wp-content\/uploads\/2026\/02\/img-artisanat-1024x768.jpg",900,675,true],"post-thumbnail":["https:\/\/anpej.sn\/accueil\/wp-content\/uploads\/2026\/02\/img-artisanat-550x410.jpg",550,410,true],"consilox_medium":["https:\/\/anpej.sn\/accueil\/wp-content\/uploads\/2026\/02\/img-artisanat-550x580.jpg",550,580,true],"woocommerce_thumbnail":["https:\/\/anpej.sn\/accueil\/wp-content\/uploads\/2026\/02\/img-artisanat-300x300.jpg",300,300,true],"woocommerce_single":["https:\/\/anpej.sn\/accueil\/wp-content\/uploads\/2026\/02\/img-artisanat-600x450.jpg",600,450,true],"woocommerce_gallery_thumbnail":["https:\/\/anpej.sn\/accueil\/wp-content\/uploads\/2026\/02\/img-artisanat-180x180.jpg",180,180,true]},"rttpg_author":{"display_name":"admin","author_link":"https:\/\/anpej.sn\/accueil\/author\/admin\/"},"rttpg_comment":0,"rttpg_category":"<a href=\"https:\/\/anpej.sn\/accueil\/category\/actualite\/\" rel=\"category tag\">actualit\u00e9<\/a>","rttpg_excerpt":"L&#8217;Antenne r\u00e9gionale de Thi\u00e8s a pris part \u00e0 la Formation sur les comp\u00e9tences entrepreneuriales organis\u00e9e par la Chambre des m\u00e9tiers de Thi\u00e8s en partenariat avec la SENEGEL.Cette initiative qui s&#8217;inscrit [&hellip;]","_links":{"self":[{"href":"https:\/\/anpej.sn\/accueil\/wp-json\/wp\/v2\/posts\/17581","targetHints":{"allow":["GET"]}}],"collection":[{"href":"https:\/\/anpej.sn\/accueil\/wp-json\/wp\/v2\/posts"}],"about":[{"href":"https:\/\/anpej.sn\/accueil\/wp-json\/wp\/v2\/types\/post"}],"author":[{"embeddable":true,"href":"https:\/\/anpej.sn\/accueil\/wp-json\/wp\/v2\/users\/1"}],"replies":[{"embeddable":true,"href":"https:\/\/anpej.sn\/accueil\/wp-json\/wp\/v2\/comments?post=17581"}],"version-history":[{"count":1,"href":"https:\/\/anpej.sn\/accueil\/wp-json\/wp\/v2\/posts\/17581\/revisions"}],"predecessor-version":[{"id":17583,"href":"https:\/\/anpej.sn\/accueil\/wp-json\/wp\/v2\/posts\/17581\/revisions\/17583"}],"wp:featuredmedia":[{"embeddable":true,"href":"https:\/\/anpej.sn\/accueil\/wp-json\/wp\/v2\/media\/17582"}],"wp:attachment":[{"href":"https:\/\/anpej.sn\/accueil\/wp-json\/wp\/v2\/media?parent=17581"}],"wp:term":[{"taxonomy":"category","embeddable":true,"href":"https:\/\/anpej.sn\/accueil\/wp-json\/wp\/v2\/categories?post=17581"},{"taxonomy":"post_tag","embeddable":true,"href":"https:\/\/anpej.sn\/accueil\/wp-json\/wp\/v2\/tags?post=17581"}],"curies":[{"name":"wp","href":"https:\/\/api.w.org\/{rel}","templated":true}]}}