{"id":17584,"date":"2026-02-16T13:16:00","date_gmt":"2026-02-16T12:16:00","guid":{"rendered":"https:\/\/anpej.sn\/accueil\/?p=17584"},"modified":"2026-02-17T13:17:20","modified_gmt":"2026-02-17T12:17:20","slug":"renforcement-des-competences-numeriques-27-jeunes-formes-aux-outils-bureautiques-par-lantenne-regionale-de-thies-en-collaboration-avec-la-prefecture-de-linguere","status":"publish","type":"post","link":"https:\/\/anpej.sn\/accueil\/renforcement-des-competences-numeriques-27-jeunes-formes-aux-outils-bureautiques-par-lantenne-regionale-de-thies-en-collaboration-avec-la-prefecture-de-linguere\/","title":{"rendered":"Renforcement des comp\u00e9tences num\u00e9riques : 27 jeunes form\u00e9s aux outils bureautiques par l\u2019Antenne r\u00e9gionale de Thi\u00e8s en collaboration avec la Pr\u00e9fecture de Lingu\u00e8re"},"content":{"rendered":"\n<p>L&#8217;antenne R\u00e9gionale de Thi\u00e8s en collaboration avec la Pr\u00e9fecture de Lingu\u00e8re, a organis\u00e9 une formation sur les outils de la bureautique au profit de 27 jeunes de la commune.<br>Durant 03 jours, les capacit\u00e9s des participants sont renforc\u00e9es sur le pack office : Word, Excel et PowerPoint.<\/p>\n","protected":false},"excerpt":{"rendered":"<p>L&#8217;antenne R\u00e9gionale de Thi\u00e8s en collaboration avec la Pr\u00e9fecture de Lingu\u00e8re, a organis\u00e9 une formation sur les outils de la bureautique au profit de 27 jeunes de la commune.Durant 03 [&hellip;]<\/p>\n","protected":false},"author":1,"featured_media":17585,"comment_status":"closed","ping_status":"closed","sticky":false,"template":"","format":"standard","meta":{"footnotes":""},"categories":[41],"tags":[],"class_list":["post-17584","post","type-post","status-publish","format-standard","has-post-thumbnail","hentry","category-actualite"],"rttpg_featured_image_url":{"full":["https:\/\/anpej.sn\/accueil\/wp-content\/uploads\/2026\/02\/word-excelthies.jpg",1080,1080,false],"landscape":["https:\/\/anpej.sn\/accueil\/wp-content\/uploads\/2026\/02\/word-excelthies.jpg",1080,1080,false],"portraits":["https:\/\/anpej.sn\/accueil\/wp-content\/uploads\/2026\/02\/word-excelthies.jpg",1080,1080,false],"thumbnail":["https:\/\/anpej.sn\/accueil\/wp-content\/uploads\/2026\/02\/word-excelthies-175x175.jpg",175,175,true],"medium":["https:\/\/anpej.sn\/accueil\/wp-content\/uploads\/2026\/02\/word-excelthies-600x540.jpg",600,540,true],"large":["https:\/\/anpej.sn\/accueil\/wp-content\/uploads\/2026\/02\/word-excelthies-1024x1024.jpg",900,900,true],"post-thumbnail":["https:\/\/anpej.sn\/accueil\/wp-content\/uploads\/2026\/02\/word-excelthies-550x410.jpg",550,410,true],"consilox_medium":["https:\/\/anpej.sn\/accueil\/wp-content\/uploads\/2026\/02\/word-excelthies-550x580.jpg",550,580,true],"woocommerce_thumbnail":["https:\/\/anpej.sn\/accueil\/wp-content\/uploads\/2026\/02\/word-excelthies-300x300.jpg",300,300,true],"woocommerce_single":["https:\/\/anpej.sn\/accueil\/wp-content\/uploads\/2026\/02\/word-excelthies-600x600.jpg",600,600,true],"woocommerce_gallery_thumbnail":["https:\/\/anpej.sn\/accueil\/wp-content\/uploads\/2026\/02\/word-excelthies-180x180.jpg",180,180,true]},"rttpg_author":{"display_name":"admin","author_link":"https:\/\/anpej.sn\/accueil\/author\/admin\/"},"rttpg_comment":0,"rttpg_category":"<a href=\"https:\/\/anpej.sn\/accueil\/category\/actualite\/\" rel=\"category tag\">actualit\u00e9<\/a>","rttpg_excerpt":"L&#8217;antenne R\u00e9gionale de Thi\u00e8s en collaboration avec la Pr\u00e9fecture de Lingu\u00e8re, a organis\u00e9 une formation sur les outils de la bureautique au profit de 27 jeunes de la commune.Durant 03 [&hellip;]","_links":{"self":[{"href":"https:\/\/anpej.sn\/accueil\/wp-json\/wp\/v2\/posts\/17584","targetHints":{"allow":["GET"]}}],"collection":[{"href":"https:\/\/anpej.sn\/accueil\/wp-json\/wp\/v2\/posts"}],"about":[{"href":"https:\/\/anpej.sn\/accueil\/wp-json\/wp\/v2\/types\/post"}],"author":[{"embeddable":true,"href":"https:\/\/anpej.sn\/accueil\/wp-json\/wp\/v2\/users\/1"}],"replies":[{"embeddable":true,"href":"https:\/\/anpej.sn\/accueil\/wp-json\/wp\/v2\/comments?post=17584"}],"version-history":[{"count":1,"href":"https:\/\/anpej.sn\/accueil\/wp-json\/wp\/v2\/posts\/17584\/revisions"}],"predecessor-version":[{"id":17586,"href":"https:\/\/anpej.sn\/accueil\/wp-json\/wp\/v2\/posts\/17584\/revisions\/17586"}],"wp:featuredmedia":[{"embeddable":true,"href":"https:\/\/anpej.sn\/accueil\/wp-json\/wp\/v2\/media\/17585"}],"wp:attachment":[{"href":"https:\/\/anpej.sn\/accueil\/wp-json\/wp\/v2\/media?parent=17584"}],"wp:term":[{"taxonomy":"category","embeddable":true,"href":"https:\/\/anpej.sn\/accueil\/wp-json\/wp\/v2\/categories?post=17584"},{"taxonomy":"post_tag","embeddable":true,"href":"https:\/\/anpej.sn\/accueil\/wp-json\/wp\/v2\/tags?post=17584"}],"curies":[{"name":"wp","href":"https:\/\/api.w.org\/{rel}","templated":true}]}}