{"id":17587,"date":"2026-02-17T13:26:14","date_gmt":"2026-02-17T12:26:14","guid":{"rendered":"https:\/\/anpej.sn\/accueil\/?p=17587"},"modified":"2026-02-17T13:26:15","modified_gmt":"2026-02-17T12:26:15","slug":"projet-tekke-ak-tagagu-teggi-diagnostic-et-echanges-pour-linsertion-professionnelle-des-jeunes-de-ngourane-avec-lappui-de-leducation-development-center-et-des-services-te","status":"publish","type":"post","link":"https:\/\/anpej.sn\/accueil\/projet-tekke-ak-tagagu-teggi-diagnostic-et-echanges-pour-linsertion-professionnelle-des-jeunes-de-ngourane-avec-lappui-de-leducation-development-center-et-des-services-te\/","title":{"rendered":"Projet Tekke ak Tagagu, Teggi : diagnostic et \u00e9changes pour l\u2019insertion professionnelle des jeunes de Ngourane avec l\u2019appui de l\u2019Education Development Center et des services techniques"},"content":{"rendered":"\n<p>L&#8217;antenne r\u00e9gionale de Thi\u00e8s a pris part \u00e0 l&#8217;atelier de partage et d&#8217;information organis\u00e9 dans le cadre du projet Tekke ak Tagagu, Teggi (\u00c9pargner et se Former, Percevoir et R\u00e9ussir) organis\u00e9 par l&#8217;ONG Education Development Center (Centre pour le d\u00e9veloppement de l&#8217;\u00e9ducation).<br>Cet atelier qui s&#8217;est tenu au Centre de Formation professionnelle de Ngourane dans le d\u00e9partement de K\u00e9b\u00e9mer avait pour objectif de faire un diagnostic approfondi des difficult\u00e9s rencontr\u00e9es par les jeunes de la commune de Ngourane en mati\u00e8re d&#8217;insertion professionnelle.<br>Ces deux jours riches en \u00e9changes ont permis aux services techniques notamment l&#8217;ANPEJ, le SDDC, le CEDAF, la CDM et le SDS d&#8217;identifier des pistes \u00e0 explorer pour faciliter l&#8217;insertion socio professionnelle des jeunes.<br>l&#8217;ONG EDC qui avait initi\u00e9 cet activit\u00e9 a montr\u00e9 tout son engagement \u00e0 travailler avec la collectivit\u00e9 et les services techniques sur des projets structurants pour une prise en charge correcte des questions li\u00e9es \u00e0 employabilit\u00e9 des jeunes de la commune de Ngourane.<\/p>\n\n\n\n<p><\/p>\n","protected":false},"excerpt":{"rendered":"<p>L&#8217;antenne r\u00e9gionale de Thi\u00e8s a pris part \u00e0 l&#8217;atelier de partage et d&#8217;information organis\u00e9 dans le cadre du projet Tekke ak Tagagu, Teggi (\u00c9pargner et se Former, Percevoir et R\u00e9ussir) [&hellip;]<\/p>\n","protected":false},"author":1,"featured_media":17588,"comment_status":"closed","ping_status":"closed","sticky":false,"template":"","format":"standard","meta":{"footnotes":""},"categories":[41],"tags":[],"class_list":["post-17587","post","type-post","status-publish","format-standard","has-post-thumbnail","hentry","category-actualite"],"rttpg_featured_image_url":{"full":["https:\/\/anpej.sn\/accueil\/wp-content\/uploads\/2026\/02\/tekke.jpg",960,1280,false],"landscape":["https:\/\/anpej.sn\/accueil\/wp-content\/uploads\/2026\/02\/tekke.jpg",960,1280,false],"portraits":["https:\/\/anpej.sn\/accueil\/wp-content\/uploads\/2026\/02\/tekke.jpg",960,1280,false],"thumbnail":["https:\/\/anpej.sn\/accueil\/wp-content\/uploads\/2026\/02\/tekke-175x175.jpg",175,175,true],"medium":["https:\/\/anpej.sn\/accueil\/wp-content\/uploads\/2026\/02\/tekke-600x540.jpg",600,540,true],"large":["https:\/\/anpej.sn\/accueil\/wp-content\/uploads\/2026\/02\/tekke-768x1024.jpg",768,1024,true],"post-thumbnail":["https:\/\/anpej.sn\/accueil\/wp-content\/uploads\/2026\/02\/tekke-550x410.jpg",550,410,true],"consilox_medium":["https:\/\/anpej.sn\/accueil\/wp-content\/uploads\/2026\/02\/tekke-550x580.jpg",550,580,true],"woocommerce_thumbnail":["https:\/\/anpej.sn\/accueil\/wp-content\/uploads\/2026\/02\/tekke-300x300.jpg",300,300,true],"woocommerce_single":["https:\/\/anpej.sn\/accueil\/wp-content\/uploads\/2026\/02\/tekke-600x800.jpg",600,800,true],"woocommerce_gallery_thumbnail":["https:\/\/anpej.sn\/accueil\/wp-content\/uploads\/2026\/02\/tekke-180x180.jpg",180,180,true]},"rttpg_author":{"display_name":"admin","author_link":"https:\/\/anpej.sn\/accueil\/author\/admin\/"},"rttpg_comment":0,"rttpg_category":"<a href=\"https:\/\/anpej.sn\/accueil\/category\/actualite\/\" rel=\"category tag\">actualit\u00e9<\/a>","rttpg_excerpt":"L&#8217;antenne r\u00e9gionale de Thi\u00e8s a pris part \u00e0 l&#8217;atelier de partage et d&#8217;information organis\u00e9 dans le cadre du projet Tekke ak Tagagu, Teggi (\u00c9pargner et se Former, Percevoir et R\u00e9ussir) [&hellip;]","_links":{"self":[{"href":"https:\/\/anpej.sn\/accueil\/wp-json\/wp\/v2\/posts\/17587","targetHints":{"allow":["GET"]}}],"collection":[{"href":"https:\/\/anpej.sn\/accueil\/wp-json\/wp\/v2\/posts"}],"about":[{"href":"https:\/\/anpej.sn\/accueil\/wp-json\/wp\/v2\/types\/post"}],"author":[{"embeddable":true,"href":"https:\/\/anpej.sn\/accueil\/wp-json\/wp\/v2\/users\/1"}],"replies":[{"embeddable":true,"href":"https:\/\/anpej.sn\/accueil\/wp-json\/wp\/v2\/comments?post=17587"}],"version-history":[{"count":1,"href":"https:\/\/anpej.sn\/accueil\/wp-json\/wp\/v2\/posts\/17587\/revisions"}],"predecessor-version":[{"id":17589,"href":"https:\/\/anpej.sn\/accueil\/wp-json\/wp\/v2\/posts\/17587\/revisions\/17589"}],"wp:featuredmedia":[{"embeddable":true,"href":"https:\/\/anpej.sn\/accueil\/wp-json\/wp\/v2\/media\/17588"}],"wp:attachment":[{"href":"https:\/\/anpej.sn\/accueil\/wp-json\/wp\/v2\/media?parent=17587"}],"wp:term":[{"taxonomy":"category","embeddable":true,"href":"https:\/\/anpej.sn\/accueil\/wp-json\/wp\/v2\/categories?post=17587"},{"taxonomy":"post_tag","embeddable":true,"href":"https:\/\/anpej.sn\/accueil\/wp-json\/wp\/v2\/tags?post=17587"}],"curies":[{"name":"wp","href":"https:\/\/api.w.org\/{rel}","templated":true}]}}