{"id":17590,"date":"2026-02-17T13:32:52","date_gmt":"2026-02-17T12:32:52","guid":{"rendered":"https:\/\/anpej.sn\/accueil\/?p=17590"},"modified":"2026-02-17T13:32:53","modified_gmt":"2026-02-17T12:32:53","slug":"lancement-du-projet-e-s-p-r-i-t-synergie-des-acteurs-locaux-pour-linclusion-professionnelle-des-jeunes-et-des-femmes-a-thies-et-a-louga-avec-lappui-de-llvia","status":"publish","type":"post","link":"https:\/\/anpej.sn\/accueil\/lancement-du-projet-e-s-p-r-i-t-synergie-des-acteurs-locaux-pour-linclusion-professionnelle-des-jeunes-et-des-femmes-a-thies-et-a-louga-avec-lappui-de-llvia\/","title":{"rendered":"Lancement du projet E.S.P.R.I.T : synergie des acteurs locaux pour l\u2019inclusion professionnelle des jeunes et des femmes \u00e0 Thi\u00e8s et \u00e0 Louga, avec l\u2019appui de l\u2019LVIA"},"content":{"rendered":"\n<p>L&#8217;antenne r\u00e9gionale de Thi\u00e8s a pris part \u00e0 la c\u00e9r\u00e9monie de lancement du projet E.S.P.R.I.T (\u00c9change entre les Services Publics en R\u00e9seau pour l&#8217;Inclusion au Travail au S\u00e9n\u00e9gal) organis\u00e9e l&#8217;ONG italienne LVIA en partenariat avec la commune de Thi\u00e8s Ouest et la ville de Louga.<br>Ce projet port\u00e9 par la commune de Cuneo de la r\u00e9gion Piemente en Italie, vise \u00e0 amener les collectivit\u00e9s territoriales et les acteurs locaux en charge de la formation et de l&#8217;emploi \u00e0 travailler en synergie pour une meilleure territoriarisation des politiques de l&#8217;emploi.<br>Cet atelier a permis aux participants (collectivit\u00e9s territoriales, services techniques d\u00e9concentr\u00e9s, centres et instituts de formation professionnelle, Universit\u00e9, ONG et organisation de jeunes et de femmes) d&#8217;identit\u00e9 des axes de collaboration et des activit\u00e9s communes visant \u00e0 renforcer l&#8217;employabilit\u00e9 des jeunes et des femmes.<\/p>\n","protected":false},"excerpt":{"rendered":"<p>L&#8217;antenne r\u00e9gionale de Thi\u00e8s a pris part \u00e0 la c\u00e9r\u00e9monie de lancement du projet E.S.P.R.I.T (\u00c9change entre les Services Publics en R\u00e9seau pour l&#8217;Inclusion au Travail au S\u00e9n\u00e9gal) organis\u00e9e l&#8217;ONG [&hellip;]<\/p>\n","protected":false},"author":1,"featured_media":17591,"comment_status":"closed","ping_status":"closed","sticky":false,"template":"","format":"standard","meta":{"footnotes":""},"categories":[41],"tags":[],"class_list":["post-17590","post","type-post","status-publish","format-standard","has-post-thumbnail","hentry","category-actualite"],"rttpg_featured_image_url":{"full":["https:\/\/anpej.sn\/accueil\/wp-content\/uploads\/2026\/02\/esprit-thies.jpg",1040,780,false],"landscape":["https:\/\/anpej.sn\/accueil\/wp-content\/uploads\/2026\/02\/esprit-thies.jpg",1040,780,false],"portraits":["https:\/\/anpej.sn\/accueil\/wp-content\/uploads\/2026\/02\/esprit-thies.jpg",1040,780,false],"thumbnail":["https:\/\/anpej.sn\/accueil\/wp-content\/uploads\/2026\/02\/esprit-thies-175x175.jpg",175,175,true],"medium":["https:\/\/anpej.sn\/accueil\/wp-content\/uploads\/2026\/02\/esprit-thies-600x540.jpg",600,540,true],"large":["https:\/\/anpej.sn\/accueil\/wp-content\/uploads\/2026\/02\/esprit-thies-1024x768.jpg",900,675,true],"post-thumbnail":["https:\/\/anpej.sn\/accueil\/wp-content\/uploads\/2026\/02\/esprit-thies-550x410.jpg",550,410,true],"consilox_medium":["https:\/\/anpej.sn\/accueil\/wp-content\/uploads\/2026\/02\/esprit-thies-550x580.jpg",550,580,true],"woocommerce_thumbnail":["https:\/\/anpej.sn\/accueil\/wp-content\/uploads\/2026\/02\/esprit-thies-300x300.jpg",300,300,true],"woocommerce_single":["https:\/\/anpej.sn\/accueil\/wp-content\/uploads\/2026\/02\/esprit-thies-600x450.jpg",600,450,true],"woocommerce_gallery_thumbnail":["https:\/\/anpej.sn\/accueil\/wp-content\/uploads\/2026\/02\/esprit-thies-180x180.jpg",180,180,true]},"rttpg_author":{"display_name":"admin","author_link":"https:\/\/anpej.sn\/accueil\/author\/admin\/"},"rttpg_comment":0,"rttpg_category":"<a href=\"https:\/\/anpej.sn\/accueil\/category\/actualite\/\" rel=\"category tag\">actualit\u00e9<\/a>","rttpg_excerpt":"L&#8217;antenne r\u00e9gionale de Thi\u00e8s a pris part \u00e0 la c\u00e9r\u00e9monie de lancement du projet E.S.P.R.I.T (\u00c9change entre les Services Publics en R\u00e9seau pour l&#8217;Inclusion au Travail au S\u00e9n\u00e9gal) organis\u00e9e l&#8217;ONG [&hellip;]","_links":{"self":[{"href":"https:\/\/anpej.sn\/accueil\/wp-json\/wp\/v2\/posts\/17590","targetHints":{"allow":["GET"]}}],"collection":[{"href":"https:\/\/anpej.sn\/accueil\/wp-json\/wp\/v2\/posts"}],"about":[{"href":"https:\/\/anpej.sn\/accueil\/wp-json\/wp\/v2\/types\/post"}],"author":[{"embeddable":true,"href":"https:\/\/anpej.sn\/accueil\/wp-json\/wp\/v2\/users\/1"}],"replies":[{"embeddable":true,"href":"https:\/\/anpej.sn\/accueil\/wp-json\/wp\/v2\/comments?post=17590"}],"version-history":[{"count":1,"href":"https:\/\/anpej.sn\/accueil\/wp-json\/wp\/v2\/posts\/17590\/revisions"}],"predecessor-version":[{"id":17592,"href":"https:\/\/anpej.sn\/accueil\/wp-json\/wp\/v2\/posts\/17590\/revisions\/17592"}],"wp:featuredmedia":[{"embeddable":true,"href":"https:\/\/anpej.sn\/accueil\/wp-json\/wp\/v2\/media\/17591"}],"wp:attachment":[{"href":"https:\/\/anpej.sn\/accueil\/wp-json\/wp\/v2\/media?parent=17590"}],"wp:term":[{"taxonomy":"category","embeddable":true,"href":"https:\/\/anpej.sn\/accueil\/wp-json\/wp\/v2\/categories?post=17590"},{"taxonomy":"post_tag","embeddable":true,"href":"https:\/\/anpej.sn\/accueil\/wp-json\/wp\/v2\/tags?post=17590"}],"curies":[{"name":"wp","href":"https:\/\/api.w.org\/{rel}","templated":true}]}}