{"id":17603,"date":"2026-03-06T11:07:22","date_gmt":"2026-03-06T10:07:22","guid":{"rendered":"https:\/\/anpej.sn\/accueil\/?p=17603"},"modified":"2026-03-06T11:07:23","modified_gmt":"2026-03-06T10:07:23","slug":"renforcement-de-lemployabilite-des-etudiants-lanpej-et-luniversite-virtuelle-du-senegal-de-ziguinchor-forment-les-jeunes-aux-techniques-de-recherche-demploi","status":"publish","type":"post","link":"https:\/\/anpej.sn\/accueil\/renforcement-de-lemployabilite-des-etudiants-lanpej-et-luniversite-virtuelle-du-senegal-de-ziguinchor-forment-les-jeunes-aux-techniques-de-recherche-demploi\/","title":{"rendered":"Renforcement de l\u2019employabilit\u00e9 des \u00e9tudiants : l\u2019ANPEJ et l\u2019Universit\u00e9 Virtuelle du S\u00e9n\u00e9gal de Ziguinchor forment les jeunes aux techniques de recherche d\u2019emploi"},"content":{"rendered":"\n<p>Dans le cadre de la mise en \u0153uvre de sa strat\u00e9gie de promotion de l\u2019employabilit\u00e9 des jeunes, l\u2019Agence Nationale pour la Promotion de l\u2019Emploi des Jeunes (ANPEJ), en partenariat avec l\u2019Universit\u00e9 Virtuel du S\u00e9n\u00e9gal Ziguinchor , a organis\u00e9 une session de formation en Techniques de recherche d\u2019emploi \u00e0 l\u2019intention des \u00e9tudiants en licence et master .<br>Lieu : #Salle_Antenne_Sud<br>Dur\u00e9e : Deux (02) jours<br>Participation : 30 \u00e9tudiants<\/p>\n\n\n\n<p>Objectif global :<br>Pr\u00e9sentation des offres de services de l\u2019ANPEJ, notamment en mati\u00e8re d\u2019emploi, d\u2019insertion professionnelle et d\u2019accompagnement \u00e0 l\u2019entrepreneuriat.<br>Animation d\u2019ateliers pratiques portant sur les techniques de recherche d\u2019emploi : la conception d\u2019un CV professionnel et la r\u00e9daction de demandes d\u2019emploi.<br>Cette s\u00e9ance a permis aux jeunes participants de mieux conna\u00eetre les dispositifs existants, de r\u00e9duire les obstacles li\u00e9s \u00e0 l\u2019acc\u00e8s \u00e0 l\u2019information et de poser les premi\u00e8res bases d\u2019un plan d\u2019action concret en lien avec leur projet professionnel<\/p>\n","protected":false},"excerpt":{"rendered":"<p>Dans le cadre de la mise en \u0153uvre de sa strat\u00e9gie de promotion de l\u2019employabilit\u00e9 des jeunes, l\u2019Agence Nationale pour la Promotion de l\u2019Emploi des Jeunes (ANPEJ), en partenariat avec [&hellip;]<\/p>\n","protected":false},"author":1,"featured_media":17604,"comment_status":"closed","ping_status":"closed","sticky":false,"template":"","format":"standard","meta":{"footnotes":""},"categories":[41],"tags":[],"class_list":["post-17603","post","type-post","status-publish","format-standard","has-post-thumbnail","hentry","category-actualite"],"rttpg_featured_image_url":{"full":["https:\/\/anpej.sn\/accueil\/wp-content\/uploads\/2026\/03\/A-Zig.jpg",1080,810,false],"landscape":["https:\/\/anpej.sn\/accueil\/wp-content\/uploads\/2026\/03\/A-Zig.jpg",1080,810,false],"portraits":["https:\/\/anpej.sn\/accueil\/wp-content\/uploads\/2026\/03\/A-Zig.jpg",1080,810,false],"thumbnail":["https:\/\/anpej.sn\/accueil\/wp-content\/uploads\/2026\/03\/A-Zig-175x175.jpg",175,175,true],"medium":["https:\/\/anpej.sn\/accueil\/wp-content\/uploads\/2026\/03\/A-Zig-600x540.jpg",600,540,true],"large":["https:\/\/anpej.sn\/accueil\/wp-content\/uploads\/2026\/03\/A-Zig-1024x768.jpg",900,675,true],"post-thumbnail":["https:\/\/anpej.sn\/accueil\/wp-content\/uploads\/2026\/03\/A-Zig-550x410.jpg",550,410,true],"consilox_medium":["https:\/\/anpej.sn\/accueil\/wp-content\/uploads\/2026\/03\/A-Zig-550x580.jpg",550,580,true],"woocommerce_thumbnail":["https:\/\/anpej.sn\/accueil\/wp-content\/uploads\/2026\/03\/A-Zig-300x300.jpg",300,300,true],"woocommerce_single":["https:\/\/anpej.sn\/accueil\/wp-content\/uploads\/2026\/03\/A-Zig-600x450.jpg",600,450,true],"woocommerce_gallery_thumbnail":["https:\/\/anpej.sn\/accueil\/wp-content\/uploads\/2026\/03\/A-Zig-180x180.jpg",180,180,true]},"rttpg_author":{"display_name":"admin","author_link":"https:\/\/anpej.sn\/accueil\/author\/admin\/"},"rttpg_comment":0,"rttpg_category":"<a href=\"https:\/\/anpej.sn\/accueil\/category\/actualite\/\" rel=\"category tag\">actualit\u00e9<\/a>","rttpg_excerpt":"Dans le cadre de la mise en \u0153uvre de sa strat\u00e9gie de promotion de l\u2019employabilit\u00e9 des jeunes, l\u2019Agence Nationale pour la Promotion de l\u2019Emploi des Jeunes (ANPEJ), en partenariat avec [&hellip;]","_links":{"self":[{"href":"https:\/\/anpej.sn\/accueil\/wp-json\/wp\/v2\/posts\/17603","targetHints":{"allow":["GET"]}}],"collection":[{"href":"https:\/\/anpej.sn\/accueil\/wp-json\/wp\/v2\/posts"}],"about":[{"href":"https:\/\/anpej.sn\/accueil\/wp-json\/wp\/v2\/types\/post"}],"author":[{"embeddable":true,"href":"https:\/\/anpej.sn\/accueil\/wp-json\/wp\/v2\/users\/1"}],"replies":[{"embeddable":true,"href":"https:\/\/anpej.sn\/accueil\/wp-json\/wp\/v2\/comments?post=17603"}],"version-history":[{"count":1,"href":"https:\/\/anpej.sn\/accueil\/wp-json\/wp\/v2\/posts\/17603\/revisions"}],"predecessor-version":[{"id":17605,"href":"https:\/\/anpej.sn\/accueil\/wp-json\/wp\/v2\/posts\/17603\/revisions\/17605"}],"wp:featuredmedia":[{"embeddable":true,"href":"https:\/\/anpej.sn\/accueil\/wp-json\/wp\/v2\/media\/17604"}],"wp:attachment":[{"href":"https:\/\/anpej.sn\/accueil\/wp-json\/wp\/v2\/media?parent=17603"}],"wp:term":[{"taxonomy":"category","embeddable":true,"href":"https:\/\/anpej.sn\/accueil\/wp-json\/wp\/v2\/categories?post=17603"},{"taxonomy":"post_tag","embeddable":true,"href":"https:\/\/anpej.sn\/accueil\/wp-json\/wp\/v2\/tags?post=17603"}],"curies":[{"name":"wp","href":"https:\/\/api.w.org\/{rel}","templated":true}]}}