{"id":17619,"date":"2026-03-12T12:56:58","date_gmt":"2026-03-12T11:56:58","guid":{"rendered":"https:\/\/anpej.sn\/accueil\/?p=17619"},"modified":"2026-03-12T12:56:58","modified_gmt":"2026-03-12T11:56:58","slug":"renforcement-des-capacites-des-jeunes-lanpej-organise-une-formation-en-developpement-personnel-et-leadership-des-filles-du-saint-coeur-de-marie-a-ziguinchor","status":"publish","type":"post","link":"https:\/\/anpej.sn\/accueil\/renforcement-des-capacites-des-jeunes-lanpej-organise-une-formation-en-developpement-personnel-et-leadership-des-filles-du-saint-coeur-de-marie-a-ziguinchor\/","title":{"rendered":"Renforcement des capacit\u00e9s des jeunes : l\u2019ANPEJ organise une formation en d\u00e9veloppement personnel et leadership des filles du Saint C\u0153ur de Marie \u00e0 Ziguinchor"},"content":{"rendered":"\n<p>Actu_Antenne_Sud_ANPEJ<br>Dans le cadre de la mise en \u0153uvre de sa strat\u00e9gie de promotion de l\u2019employabilit\u00e9 des jeunes, l\u2019Agence Nationale pour la Promotion de l\u2019Emploi des Jeunes (ANPEJ), en partenariat avec la Congr\u00e9gation des Filles du Saint C\u0153ur de Marie de Ziguinchor , a organis\u00e9 une session de formation en d\u00e9veloppement personnel et leadership au profit de 25 membres de l\u2019association .<br>Lieu: Salle Sainte Marie<br>Dur\u00e9e : Deux (02) jours<br>Participation : 25 membres<br>Objectif global :<br>Pr\u00e9sentation des offres de services de l\u2019ANPEJ, notamment en mati\u00e8re d\u2019emploi, d\u2019insertion professionnelle et d\u2019accompagnement \u00e0 l\u2019entrepreneuriat.<br>Animation d\u2019ateliers pratiques pour developper la connaissance de soi et la confiance en soi chez les participants ,renforcer les comp\u00e9tences en communication interpersonnelle et en travail d\u2019\u00e9quipe et outiller les participants en techniques de leadership participatif et de gestion des<br>responsabilit\u00e9s .<\/p>\n","protected":false},"excerpt":{"rendered":"<p>Actu_Antenne_Sud_ANPEJDans le cadre de la mise en \u0153uvre de sa strat\u00e9gie de promotion de l\u2019employabilit\u00e9 des jeunes, l\u2019Agence Nationale pour la Promotion de l\u2019Emploi des Jeunes (ANPEJ), en partenariat avec [&hellip;]<\/p>\n","protected":false},"author":1,"featured_media":17620,"comment_status":"closed","ping_status":"closed","sticky":false,"template":"","format":"standard","meta":{"footnotes":""},"categories":[41],"tags":[],"class_list":["post-17619","post","type-post","status-publish","format-standard","has-post-thumbnail","hentry","category-actualite"],"rttpg_featured_image_url":{"full":["https:\/\/anpej.sn\/accueil\/wp-content\/uploads\/2026\/03\/A-zigun.jpg",1000,750,false],"landscape":["https:\/\/anpej.sn\/accueil\/wp-content\/uploads\/2026\/03\/A-zigun.jpg",1000,750,false],"portraits":["https:\/\/anpej.sn\/accueil\/wp-content\/uploads\/2026\/03\/A-zigun.jpg",1000,750,false],"thumbnail":["https:\/\/anpej.sn\/accueil\/wp-content\/uploads\/2026\/03\/A-zigun-175x175.jpg",175,175,true],"medium":["https:\/\/anpej.sn\/accueil\/wp-content\/uploads\/2026\/03\/A-zigun-600x540.jpg",600,540,true],"large":["https:\/\/anpej.sn\/accueil\/wp-content\/uploads\/2026\/03\/A-zigun.jpg",900,675,false],"post-thumbnail":["https:\/\/anpej.sn\/accueil\/wp-content\/uploads\/2026\/03\/A-zigun-550x410.jpg",550,410,true],"consilox_medium":["https:\/\/anpej.sn\/accueil\/wp-content\/uploads\/2026\/03\/A-zigun-550x580.jpg",550,580,true],"woocommerce_thumbnail":["https:\/\/anpej.sn\/accueil\/wp-content\/uploads\/2026\/03\/A-zigun-300x300.jpg",300,300,true],"woocommerce_single":["https:\/\/anpej.sn\/accueil\/wp-content\/uploads\/2026\/03\/A-zigun-600x450.jpg",600,450,true],"woocommerce_gallery_thumbnail":["https:\/\/anpej.sn\/accueil\/wp-content\/uploads\/2026\/03\/A-zigun-180x180.jpg",180,180,true]},"rttpg_author":{"display_name":"admin","author_link":"https:\/\/anpej.sn\/accueil\/author\/admin\/"},"rttpg_comment":0,"rttpg_category":"<a href=\"https:\/\/anpej.sn\/accueil\/category\/actualite\/\" rel=\"category tag\">actualit\u00e9<\/a>","rttpg_excerpt":"Actu_Antenne_Sud_ANPEJDans le cadre de la mise en \u0153uvre de sa strat\u00e9gie de promotion de l\u2019employabilit\u00e9 des jeunes, l\u2019Agence Nationale pour la Promotion de l\u2019Emploi des Jeunes (ANPEJ), en partenariat avec [&hellip;]","_links":{"self":[{"href":"https:\/\/anpej.sn\/accueil\/wp-json\/wp\/v2\/posts\/17619","targetHints":{"allow":["GET"]}}],"collection":[{"href":"https:\/\/anpej.sn\/accueil\/wp-json\/wp\/v2\/posts"}],"about":[{"href":"https:\/\/anpej.sn\/accueil\/wp-json\/wp\/v2\/types\/post"}],"author":[{"embeddable":true,"href":"https:\/\/anpej.sn\/accueil\/wp-json\/wp\/v2\/users\/1"}],"replies":[{"embeddable":true,"href":"https:\/\/anpej.sn\/accueil\/wp-json\/wp\/v2\/comments?post=17619"}],"version-history":[{"count":1,"href":"https:\/\/anpej.sn\/accueil\/wp-json\/wp\/v2\/posts\/17619\/revisions"}],"predecessor-version":[{"id":17621,"href":"https:\/\/anpej.sn\/accueil\/wp-json\/wp\/v2\/posts\/17619\/revisions\/17621"}],"wp:featuredmedia":[{"embeddable":true,"href":"https:\/\/anpej.sn\/accueil\/wp-json\/wp\/v2\/media\/17620"}],"wp:attachment":[{"href":"https:\/\/anpej.sn\/accueil\/wp-json\/wp\/v2\/media?parent=17619"}],"wp:term":[{"taxonomy":"category","embeddable":true,"href":"https:\/\/anpej.sn\/accueil\/wp-json\/wp\/v2\/categories?post=17619"},{"taxonomy":"post_tag","embeddable":true,"href":"https:\/\/anpej.sn\/accueil\/wp-json\/wp\/v2\/tags?post=17619"}],"curies":[{"name":"wp","href":"https:\/\/api.w.org\/{rel}","templated":true}]}}