{"id":17630,"date":"2026-03-18T09:51:37","date_gmt":"2026-03-18T08:51:37","guid":{"rendered":"https:\/\/anpej.sn\/accueil\/?p=17630"},"modified":"2026-03-18T09:51:38","modified_gmt":"2026-03-18T08:51:38","slug":"atelier-de-formation-en-techniques-de-recherche-demploi-a-thies-un-appui-aux-beneficiaires-des-projets-paijef-et-patip","status":"publish","type":"post","link":"https:\/\/anpej.sn\/accueil\/atelier-de-formation-en-techniques-de-recherche-demploi-a-thies-un-appui-aux-beneficiaires-des-projets-paijef-et-patip\/","title":{"rendered":"Atelier de formation en Techniques de Recherche d\u2019Emploi \u00e0 Thi\u00e8s : un appui aux b\u00e9n\u00e9ficiaires des projets PAIJEF et PATIP"},"content":{"rendered":"\n<p>En partenariat avec le P\u00f4le emploi de Thi\u00e8s, l&#8217;antenne r\u00e9gionale de Thi\u00e8s a anim\u00e9 une atelier de formation sur les Techniques de Recherche d&#8217;Emploi (CV, lettre de motivation et entretien d&#8217;embauche) au profit de 15 demandeurs d&#8217;emploi inscrits dans le SIME.<br>Cet activit\u00e9 s&#8217;inscrit dans l&#8217;accompagnement des b\u00e9n\u00e9ficiaires \u00e0 d\u00e9poser leurs candidatures aux postes de stage dans le cadre des projets PAIJEF et PATIP<\/p>\n","protected":false},"excerpt":{"rendered":"<p>En partenariat avec le P\u00f4le emploi de Thi\u00e8s, l&#8217;antenne r\u00e9gionale de Thi\u00e8s a anim\u00e9 une atelier de formation sur les Techniques de Recherche d&#8217;Emploi (CV, lettre de motivation et entretien [&hellip;]<\/p>\n","protected":false},"author":1,"featured_media":17631,"comment_status":"closed","ping_status":"closed","sticky":false,"template":"","format":"standard","meta":{"footnotes":""},"categories":[41],"tags":[],"class_list":["post-17630","post","type-post","status-publish","format-standard","has-post-thumbnail","hentry","category-actualite"],"rttpg_featured_image_url":{"full":["https:\/\/anpej.sn\/accueil\/wp-content\/uploads\/2026\/03\/pole-thies.jpg",1280,960,false],"landscape":["https:\/\/anpej.sn\/accueil\/wp-content\/uploads\/2026\/03\/pole-thies.jpg",1280,960,false],"portraits":["https:\/\/anpej.sn\/accueil\/wp-content\/uploads\/2026\/03\/pole-thies.jpg",1280,960,false],"thumbnail":["https:\/\/anpej.sn\/accueil\/wp-content\/uploads\/2026\/03\/pole-thies-175x175.jpg",175,175,true],"medium":["https:\/\/anpej.sn\/accueil\/wp-content\/uploads\/2026\/03\/pole-thies-600x540.jpg",600,540,true],"large":["https:\/\/anpej.sn\/accueil\/wp-content\/uploads\/2026\/03\/pole-thies-1024x768.jpg",900,675,true],"post-thumbnail":["https:\/\/anpej.sn\/accueil\/wp-content\/uploads\/2026\/03\/pole-thies-550x410.jpg",550,410,true],"consilox_medium":["https:\/\/anpej.sn\/accueil\/wp-content\/uploads\/2026\/03\/pole-thies-550x580.jpg",550,580,true],"woocommerce_thumbnail":["https:\/\/anpej.sn\/accueil\/wp-content\/uploads\/2026\/03\/pole-thies-300x300.jpg",300,300,true],"woocommerce_single":["https:\/\/anpej.sn\/accueil\/wp-content\/uploads\/2026\/03\/pole-thies-600x450.jpg",600,450,true],"woocommerce_gallery_thumbnail":["https:\/\/anpej.sn\/accueil\/wp-content\/uploads\/2026\/03\/pole-thies-180x180.jpg",180,180,true]},"rttpg_author":{"display_name":"admin","author_link":"https:\/\/anpej.sn\/accueil\/author\/admin\/"},"rttpg_comment":0,"rttpg_category":"<a href=\"https:\/\/anpej.sn\/accueil\/category\/actualite\/\" rel=\"category tag\">actualit\u00e9<\/a>","rttpg_excerpt":"En partenariat avec le P\u00f4le emploi de Thi\u00e8s, l&#8217;antenne r\u00e9gionale de Thi\u00e8s a anim\u00e9 une atelier de formation sur les Techniques de Recherche d&#8217;Emploi (CV, lettre de motivation et entretien [&hellip;]","_links":{"self":[{"href":"https:\/\/anpej.sn\/accueil\/wp-json\/wp\/v2\/posts\/17630","targetHints":{"allow":["GET"]}}],"collection":[{"href":"https:\/\/anpej.sn\/accueil\/wp-json\/wp\/v2\/posts"}],"about":[{"href":"https:\/\/anpej.sn\/accueil\/wp-json\/wp\/v2\/types\/post"}],"author":[{"embeddable":true,"href":"https:\/\/anpej.sn\/accueil\/wp-json\/wp\/v2\/users\/1"}],"replies":[{"embeddable":true,"href":"https:\/\/anpej.sn\/accueil\/wp-json\/wp\/v2\/comments?post=17630"}],"version-history":[{"count":1,"href":"https:\/\/anpej.sn\/accueil\/wp-json\/wp\/v2\/posts\/17630\/revisions"}],"predecessor-version":[{"id":17632,"href":"https:\/\/anpej.sn\/accueil\/wp-json\/wp\/v2\/posts\/17630\/revisions\/17632"}],"wp:featuredmedia":[{"embeddable":true,"href":"https:\/\/anpej.sn\/accueil\/wp-json\/wp\/v2\/media\/17631"}],"wp:attachment":[{"href":"https:\/\/anpej.sn\/accueil\/wp-json\/wp\/v2\/media?parent=17630"}],"wp:term":[{"taxonomy":"category","embeddable":true,"href":"https:\/\/anpej.sn\/accueil\/wp-json\/wp\/v2\/categories?post=17630"},{"taxonomy":"post_tag","embeddable":true,"href":"https:\/\/anpej.sn\/accueil\/wp-json\/wp\/v2\/tags?post=17630"}],"curies":[{"name":"wp","href":"https:\/\/api.w.org\/{rel}","templated":true}]}}