{"id":17636,"date":"2026-03-18T11:25:25","date_gmt":"2026-03-18T10:25:25","guid":{"rendered":"https:\/\/anpej.sn\/accueil\/?p=17636"},"modified":"2026-03-18T11:25:26","modified_gmt":"2026-03-18T10:25:26","slug":"participation-de-lanpej-a-une-session-organisee-par-loim-au-profit-des-migrants-de-retour-a-thies","status":"publish","type":"post","link":"https:\/\/anpej.sn\/accueil\/participation-de-lanpej-a-une-session-organisee-par-loim-au-profit-des-migrants-de-retour-a-thies\/","title":{"rendered":"Participation de l\u2019ANPEJ \u00e0 une session organis\u00e9e par l\u2019OIM au profit des migrants de retour \u00e0 Thi\u00e8s"},"content":{"rendered":"\n<p>Le 12 mars 2026, l&#8217;antenne r\u00e9gionale de Thi\u00e8s a particip\u00e9 \u00e0 la session d&#8217;\u00e9coute et prise de parole organis\u00e9e par l&#8217;OIM au profit de 30 migrants de r\u00e9cemment retourn\u00e9s au S\u00e9n\u00e9gal.<br>Durant cette journ\u00e9e d&#8217;\u00e9change, l&#8217;ANPEJ a pr\u00e9sent\u00e9 aux migrants son offre de services et le dispositif institutionnel d&#8217;accompagnement des jeunes porteurs de projets. Elle a \u00e9galement saisi l&#8217;occasion pour faire un expos\u00e9 sur le parcours du potentiel entrepreneur : de l&#8217;id\u00e9ation \u00e0 l&#8217;installation son projet.<\/p>\n\n\n\n<p><\/p>\n","protected":false},"excerpt":{"rendered":"<p>Le 12 mars 2026, l&#8217;antenne r\u00e9gionale de Thi\u00e8s a particip\u00e9 \u00e0 la session d&#8217;\u00e9coute et prise de parole organis\u00e9e par l&#8217;OIM au profit de 30 migrants de r\u00e9cemment retourn\u00e9s au [&hellip;]<\/p>\n","protected":false},"author":1,"featured_media":17637,"comment_status":"closed","ping_status":"closed","sticky":false,"template":"","format":"standard","meta":{"footnotes":""},"categories":[41],"tags":[],"class_list":["post-17636","post","type-post","status-publish","format-standard","has-post-thumbnail","hentry","category-actualite"],"rttpg_featured_image_url":{"full":["https:\/\/anpej.sn\/accueil\/wp-content\/uploads\/2026\/03\/oim-thies.jpg",1080,810,false],"landscape":["https:\/\/anpej.sn\/accueil\/wp-content\/uploads\/2026\/03\/oim-thies.jpg",1080,810,false],"portraits":["https:\/\/anpej.sn\/accueil\/wp-content\/uploads\/2026\/03\/oim-thies.jpg",1080,810,false],"thumbnail":["https:\/\/anpej.sn\/accueil\/wp-content\/uploads\/2026\/03\/oim-thies-175x175.jpg",175,175,true],"medium":["https:\/\/anpej.sn\/accueil\/wp-content\/uploads\/2026\/03\/oim-thies-600x540.jpg",600,540,true],"large":["https:\/\/anpej.sn\/accueil\/wp-content\/uploads\/2026\/03\/oim-thies-1024x768.jpg",900,675,true],"post-thumbnail":["https:\/\/anpej.sn\/accueil\/wp-content\/uploads\/2026\/03\/oim-thies-550x410.jpg",550,410,true],"consilox_medium":["https:\/\/anpej.sn\/accueil\/wp-content\/uploads\/2026\/03\/oim-thies-550x580.jpg",550,580,true],"woocommerce_thumbnail":["https:\/\/anpej.sn\/accueil\/wp-content\/uploads\/2026\/03\/oim-thies-300x300.jpg",300,300,true],"woocommerce_single":["https:\/\/anpej.sn\/accueil\/wp-content\/uploads\/2026\/03\/oim-thies-600x450.jpg",600,450,true],"woocommerce_gallery_thumbnail":["https:\/\/anpej.sn\/accueil\/wp-content\/uploads\/2026\/03\/oim-thies-180x180.jpg",180,180,true]},"rttpg_author":{"display_name":"admin","author_link":"https:\/\/anpej.sn\/accueil\/author\/admin\/"},"rttpg_comment":0,"rttpg_category":"<a href=\"https:\/\/anpej.sn\/accueil\/category\/actualite\/\" rel=\"category tag\">actualit\u00e9<\/a>","rttpg_excerpt":"Le 12 mars 2026, l&#8217;antenne r\u00e9gionale de Thi\u00e8s a particip\u00e9 \u00e0 la session d&#8217;\u00e9coute et prise de parole organis\u00e9e par l&#8217;OIM au profit de 30 migrants de r\u00e9cemment retourn\u00e9s au [&hellip;]","_links":{"self":[{"href":"https:\/\/anpej.sn\/accueil\/wp-json\/wp\/v2\/posts\/17636","targetHints":{"allow":["GET"]}}],"collection":[{"href":"https:\/\/anpej.sn\/accueil\/wp-json\/wp\/v2\/posts"}],"about":[{"href":"https:\/\/anpej.sn\/accueil\/wp-json\/wp\/v2\/types\/post"}],"author":[{"embeddable":true,"href":"https:\/\/anpej.sn\/accueil\/wp-json\/wp\/v2\/users\/1"}],"replies":[{"embeddable":true,"href":"https:\/\/anpej.sn\/accueil\/wp-json\/wp\/v2\/comments?post=17636"}],"version-history":[{"count":1,"href":"https:\/\/anpej.sn\/accueil\/wp-json\/wp\/v2\/posts\/17636\/revisions"}],"predecessor-version":[{"id":17638,"href":"https:\/\/anpej.sn\/accueil\/wp-json\/wp\/v2\/posts\/17636\/revisions\/17638"}],"wp:featuredmedia":[{"embeddable":true,"href":"https:\/\/anpej.sn\/accueil\/wp-json\/wp\/v2\/media\/17637"}],"wp:attachment":[{"href":"https:\/\/anpej.sn\/accueil\/wp-json\/wp\/v2\/media?parent=17636"}],"wp:term":[{"taxonomy":"category","embeddable":true,"href":"https:\/\/anpej.sn\/accueil\/wp-json\/wp\/v2\/categories?post=17636"},{"taxonomy":"post_tag","embeddable":true,"href":"https:\/\/anpej.sn\/accueil\/wp-json\/wp\/v2\/tags?post=17636"}],"curies":[{"name":"wp","href":"https:\/\/api.w.org\/{rel}","templated":true}]}}