{"id":17648,"date":"2026-04-08T14:48:54","date_gmt":"2026-04-08T12:48:54","guid":{"rendered":"https:\/\/anpej.sn\/accueil\/?p=17648"},"modified":"2026-04-08T14:48:55","modified_gmt":"2026-04-08T12:48:55","slug":"semaine-nationale-de-la-jeunesse-2026-lantenne-regionale-de-thies-au-coeur-de-laccompagnement-des-jeunes","status":"publish","type":"post","link":"https:\/\/anpej.sn\/accueil\/semaine-nationale-de-la-jeunesse-2026-lantenne-regionale-de-thies-au-coeur-de-laccompagnement-des-jeunes\/","title":{"rendered":"Semaine nationale de la jeunesse 2026 : L\u2019Antenne r\u00e9gionale de Thi\u00e8s au c\u0153ur de l\u2019accompagnement des jeunes"},"content":{"rendered":"\n<p>L&#8217;antenne r\u00e9gionale de Thi\u00e8s a particip\u00e9 \u00e0 la <em>Semaine nationale de la jeunesse<\/em> qui s&#8217;est tenue \u00e0 Thi\u00e8s du 29 mars au 03 avril 2026.<br>Les activit\u00e9s d\u00e9roul\u00e9es durant cette semaine sont :<\/p>\n\n\n\n<ul class=\"wp-block-list\">\n<li>03 s\u00e9ances de coaching sur les comp\u00e9tences entrepreneuriales au profit de 147 jeunes ;<\/li>\n\n\n\n<li>02 s\u00e9ances de coaching sur les techniques de recherche d&#8217;emploi au profit de 76 jeunes ;<\/li>\n\n\n\n<li>Animation d&#8217;espace emploi avec le FONGIP et la DERFJ ;<\/li>\n\n\n\n<li>Participation \u00e0 c\u00e9r\u00e9monie d&#8217;ouverture pr\u00e9sid\u00e9e par Monsieur le Pr\u00e9sident de la R\u00e9publique ;<\/li>\n\n\n\n<li>Participation \u00e0 c\u00e9r\u00e9monie de lev\u00e9e des couleurs au Lyc\u00e9e El Hadji Malick Sy, pr\u00e9cis\u00e9e par Mme le ministre de la jeunesse et des sports et en pr\u00e9sence du Gouverneur et des chefs de services r\u00e9gionaux et des diff\u00e9rentes d\u00e9l\u00e9gations des jeunes.<\/li>\n<\/ul>\n\n\n\n<p><\/p>\n","protected":false},"excerpt":{"rendered":"<p>L&#8217;antenne r\u00e9gionale de Thi\u00e8s a particip\u00e9 \u00e0 la Semaine nationale de la jeunesse qui s&#8217;est tenue \u00e0 Thi\u00e8s du 29 mars au 03 avril 2026.Les activit\u00e9s d\u00e9roul\u00e9es durant cette semaine [&hellip;]<\/p>\n","protected":false},"author":1,"featured_media":17649,"comment_status":"closed","ping_status":"closed","sticky":false,"template":"","format":"standard","meta":{"footnotes":""},"categories":[41],"tags":[],"class_list":["post-17648","post","type-post","status-publish","format-standard","has-post-thumbnail","hentry","category-actualite"],"rttpg_featured_image_url":{"full":["https:\/\/anpej.sn\/accueil\/wp-content\/uploads\/2026\/04\/sjthies.jpg",1280,853,false],"landscape":["https:\/\/anpej.sn\/accueil\/wp-content\/uploads\/2026\/04\/sjthies.jpg",1280,853,false],"portraits":["https:\/\/anpej.sn\/accueil\/wp-content\/uploads\/2026\/04\/sjthies.jpg",1280,853,false],"thumbnail":["https:\/\/anpej.sn\/accueil\/wp-content\/uploads\/2026\/04\/sjthies-175x175.jpg",175,175,true],"medium":["https:\/\/anpej.sn\/accueil\/wp-content\/uploads\/2026\/04\/sjthies-600x540.jpg",600,540,true],"large":["https:\/\/anpej.sn\/accueil\/wp-content\/uploads\/2026\/04\/sjthies-1024x682.jpg",900,599,true],"post-thumbnail":["https:\/\/anpej.sn\/accueil\/wp-content\/uploads\/2026\/04\/sjthies-550x410.jpg",550,410,true],"consilox_medium":["https:\/\/anpej.sn\/accueil\/wp-content\/uploads\/2026\/04\/sjthies-550x580.jpg",550,580,true],"woocommerce_thumbnail":["https:\/\/anpej.sn\/accueil\/wp-content\/uploads\/2026\/04\/sjthies-300x300.jpg",300,300,true],"woocommerce_single":["https:\/\/anpej.sn\/accueil\/wp-content\/uploads\/2026\/04\/sjthies-600x400.jpg",600,400,true],"woocommerce_gallery_thumbnail":["https:\/\/anpej.sn\/accueil\/wp-content\/uploads\/2026\/04\/sjthies-180x180.jpg",180,180,true]},"rttpg_author":{"display_name":"admin","author_link":"https:\/\/anpej.sn\/accueil\/author\/admin\/"},"rttpg_comment":0,"rttpg_category":"<a href=\"https:\/\/anpej.sn\/accueil\/category\/actualite\/\" rel=\"category tag\">actualit\u00e9<\/a>","rttpg_excerpt":"L&#8217;antenne r\u00e9gionale de Thi\u00e8s a particip\u00e9 \u00e0 la Semaine nationale de la jeunesse qui s&#8217;est tenue \u00e0 Thi\u00e8s du 29 mars au 03 avril 2026.Les activit\u00e9s d\u00e9roul\u00e9es durant cette semaine [&hellip;]","_links":{"self":[{"href":"https:\/\/anpej.sn\/accueil\/wp-json\/wp\/v2\/posts\/17648","targetHints":{"allow":["GET"]}}],"collection":[{"href":"https:\/\/anpej.sn\/accueil\/wp-json\/wp\/v2\/posts"}],"about":[{"href":"https:\/\/anpej.sn\/accueil\/wp-json\/wp\/v2\/types\/post"}],"author":[{"embeddable":true,"href":"https:\/\/anpej.sn\/accueil\/wp-json\/wp\/v2\/users\/1"}],"replies":[{"embeddable":true,"href":"https:\/\/anpej.sn\/accueil\/wp-json\/wp\/v2\/comments?post=17648"}],"version-history":[{"count":1,"href":"https:\/\/anpej.sn\/accueil\/wp-json\/wp\/v2\/posts\/17648\/revisions"}],"predecessor-version":[{"id":17650,"href":"https:\/\/anpej.sn\/accueil\/wp-json\/wp\/v2\/posts\/17648\/revisions\/17650"}],"wp:featuredmedia":[{"embeddable":true,"href":"https:\/\/anpej.sn\/accueil\/wp-json\/wp\/v2\/media\/17649"}],"wp:attachment":[{"href":"https:\/\/anpej.sn\/accueil\/wp-json\/wp\/v2\/media?parent=17648"}],"wp:term":[{"taxonomy":"category","embeddable":true,"href":"https:\/\/anpej.sn\/accueil\/wp-json\/wp\/v2\/categories?post=17648"},{"taxonomy":"post_tag","embeddable":true,"href":"https:\/\/anpej.sn\/accueil\/wp-json\/wp\/v2\/tags?post=17648"}],"curies":[{"name":"wp","href":"https:\/\/api.w.org\/{rel}","templated":true}]}}