{"id":17792,"date":"2026-09-02T13:35:10","date_gmt":"2026-09-02T11:35:10","guid":{"rendered":"https:\/\/anpej.sn\/accueil\/?p=17792"},"modified":"2026-09-02T13:35:10","modified_gmt":"2026-09-02T11:35:10","slug":"mefpt-anpej-une-synergie-renforcee-pour-mieux-accompagner-les-jeunes","status":"publish","type":"post","link":"https:\/\/anpej.sn\/accueil\/mefpt-anpej-une-synergie-renforcee-pour-mieux-accompagner-les-jeunes\/","title":{"rendered":"MEFPT \u2013 ANPEJ : une synergie renforc\u00e9e pour mieux accompagner les jeunes"},"content":{"rendered":"\n<p class=\"wp-block-paragraph\">Sur instruction de la Directrice g\u00e9n\u00e9rale de l&#8217;ANPEJ, Madame Sinna Amadou Gaye, le Service Communication de l&#8217;Agence nationale pour la Promotion de l&#8217;Emploi des Jeunes (ANPEJ) est all\u00e9e \u00e0 la rencontre du Service de la Communication du Minist\u00e8re de l&#8217;Emploi et de la Formation Professionnelle et Technique (MEFPT).<\/p>\n\n\n\n<p class=\"wp-block-paragraph\">Les deux \u00e9quipes ont tenu une s\u00e9ance de travail consacr\u00e9e aux perspectives de collaboration entre leurs structures respectives.<\/p>\n\n\n\n<p class=\"wp-block-paragraph\">Pr\u00e9sid\u00e9e par M. Ibrahima Diass\u00e9, Conseiller technique en communication du Ministre, la rencontre s\u2019est d\u00e9roul\u00e9e en pr\u00e9sence de Mme Mar\u00e8me Faye, Chef du Service de la Communication du MEFPT, de M. Djibril Ba, Responsable P\u00f4le Promotion de l\u2019ANPEJ, ainsi que des agents des deux structures et du Community Manager de l\u2019ANPEJ.<\/p>\n\n\n\n<p class=\"wp-block-paragraph\">Au c\u0153ur des discussions : renforcer la synergie en mati\u00e8re de communication, mieux valoriser les initiatives et donner davantage de visibilit\u00e9 aux actions en faveur de l\u2019emploi, de la formation professionnelle et de l\u2019insertion des jeunes.<\/p>\n\n\n\n<p class=\"wp-block-paragraph\">A l\u2019issue de la rencontre, la d\u00e9l\u00e9gation de l\u2019ANPEJ a \u00e9galement \u00e9t\u00e9 re\u00e7ue par M. Idrissa Samb, Ministre de l\u2019Emploi et de la Formation professionnelle et technique.<\/p>\n\n\n\n<p class=\"wp-block-paragraph\">Cette dynamique de collaboration vise \u00e0 mieux faire conna\u00eetre les dispositifs, programmes et opportunit\u00e9s offerts aux jeunes, en rapprochant davantage l\u2019information des principaux b\u00e9n\u00e9ficiaires.<\/p>\n","protected":false},"excerpt":{"rendered":"<p>Sur instruction de la Directrice g\u00e9n\u00e9rale de l&#8217;ANPEJ, Madame Sinna Amadou Gaye, le Service Communication de l&#8217;Agence nationale pour la Promotion de l&#8217;Emploi des Jeunes (ANPEJ) est all\u00e9e \u00e0 la [&hellip;]<\/p>\n","protected":false},"author":1,"featured_media":17793,"comment_status":"closed","ping_status":"closed","sticky":false,"template":"","format":"standard","meta":{"footnotes":""},"categories":[41],"tags":[],"class_list":["post-17792","post","type-post","status-publish","format-standard","has-post-thumbnail","hentry","category-actualite"],"rttpg_featured_image_url":{"full":["https:\/\/anpej.sn\/accueil\/wp-content\/uploads\/2026\/09\/MEFPT2.jpg",1280,853,false],"landscape":["https:\/\/anpej.sn\/accueil\/wp-content\/uploads\/2026\/09\/MEFPT2.jpg",1280,853,false],"portraits":["https:\/\/anpej.sn\/accueil\/wp-content\/uploads\/2026\/09\/MEFPT2.jpg",1280,853,false],"thumbnail":["https:\/\/anpej.sn\/accueil\/wp-content\/uploads\/2026\/09\/MEFPT2-175x175.jpg",175,175,true],"medium":["https:\/\/anpej.sn\/accueil\/wp-content\/uploads\/2026\/09\/MEFPT2-600x540.jpg",600,540,true],"large":["https:\/\/anpej.sn\/accueil\/wp-content\/uploads\/2026\/09\/MEFPT2-1024x682.jpg",900,599,true],"post-thumbnail":["https:\/\/anpej.sn\/accueil\/wp-content\/uploads\/2026\/09\/MEFPT2-550x410.jpg",550,410,true],"consilox_medium":["https:\/\/anpej.sn\/accueil\/wp-content\/uploads\/2026\/09\/MEFPT2-550x580.jpg",550,580,true],"woocommerce_thumbnail":["https:\/\/anpej.sn\/accueil\/wp-content\/uploads\/2026\/09\/MEFPT2-300x300.jpg",300,300,true],"woocommerce_single":["https:\/\/anpej.sn\/accueil\/wp-content\/uploads\/2026\/09\/MEFPT2-600x400.jpg",600,400,true],"woocommerce_gallery_thumbnail":["https:\/\/anpej.sn\/accueil\/wp-content\/uploads\/2026\/09\/MEFPT2-180x180.jpg",180,180,true]},"rttpg_author":{"display_name":"admin","author_link":"https:\/\/anpej.sn\/accueil\/author\/admin\/"},"rttpg_comment":0,"rttpg_category":"<a href=\"https:\/\/anpej.sn\/accueil\/category\/actualite\/\" rel=\"category tag\">actualit\u00e9<\/a>","rttpg_excerpt":"Sur instruction de la Directrice g\u00e9n\u00e9rale de l&#8217;ANPEJ, Madame Sinna Amadou Gaye, le Service Communication de l&#8217;Agence nationale pour la Promotion de l&#8217;Emploi des Jeunes (ANPEJ) est all\u00e9e \u00e0 la [&hellip;]","_links":{"self":[{"href":"https:\/\/anpej.sn\/accueil\/wp-json\/wp\/v2\/posts\/17792","targetHints":{"allow":["GET"]}}],"collection":[{"href":"https:\/\/anpej.sn\/accueil\/wp-json\/wp\/v2\/posts"}],"about":[{"href":"https:\/\/anpej.sn\/accueil\/wp-json\/wp\/v2\/types\/post"}],"author":[{"embeddable":true,"href":"https:\/\/anpej.sn\/accueil\/wp-json\/wp\/v2\/users\/1"}],"replies":[{"embeddable":true,"href":"https:\/\/anpej.sn\/accueil\/wp-json\/wp\/v2\/comments?post=17792"}],"version-history":[{"count":1,"href":"https:\/\/anpej.sn\/accueil\/wp-json\/wp\/v2\/posts\/17792\/revisions"}],"predecessor-version":[{"id":17794,"href":"https:\/\/anpej.sn\/accueil\/wp-json\/wp\/v2\/posts\/17792\/revisions\/17794"}],"wp:featuredmedia":[{"embeddable":true,"href":"https:\/\/anpej.sn\/accueil\/wp-json\/wp\/v2\/media\/17793"}],"wp:attachment":[{"href":"https:\/\/anpej.sn\/accueil\/wp-json\/wp\/v2\/media?parent=17792"}],"wp:term":[{"taxonomy":"category","embeddable":true,"href":"https:\/\/anpej.sn\/accueil\/wp-json\/wp\/v2\/categories?post=17792"},{"taxonomy":"post_tag","embeddable":true,"href":"https:\/\/anpej.sn\/accueil\/wp-json\/wp\/v2\/tags?post=17792"}],"curies":[{"name":"wp","href":"https:\/\/api.w.org\/{rel}","templated":true}]}}