{"id":17795,"date":"2026-09-01T14:27:48","date_gmt":"2026-09-01T12:27:48","guid":{"rendered":"https:\/\/anpej.sn\/accueil\/?p=17795"},"modified":"2026-09-02T16:54:38","modified_gmt":"2026-09-02T14:54:38","slug":"thies-lanpej-et-long-ucoopia-renforcent-lemployabilite-de-22-jeunes-a-travers-une-formation-en-techniques-de-recherche-demploi-soft-skills-et-developpement-perso","status":"publish","type":"post","link":"https:\/\/anpej.sn\/accueil\/thies-lanpej-et-long-ucoopia-renforcent-lemployabilite-de-22-jeunes-a-travers-une-formation-en-techniques-de-recherche-demploi-soft-skills-et-developpement-perso\/","title":{"rendered":"Thi\u00e8s : l\u2019ANPEJ et l\u2019ONG UCOOPIA renforcent l\u2019employabilit\u00e9 de 22 jeunes \u00e0 travers une formation en Techniques de Recherche d\u2019Emploi, Soft Skills et D\u00e9veloppement Personnel"},"content":{"rendered":"\n<p class=\"wp-block-paragraph\">L&#8217; antenne r\u00e9gionale de Thi\u00e8s, \u00e0 travers son Bureau de Saly, en partenariat avec ONG UCOOPIA a organis\u00e9 une session de formation portant sur les Techniques de Recherche d&#8217;emploi, sur les Soft Skills et sur le D\u00e9veloppement Personnel au profit des 22 jeunes s\u00e9lectionn\u00e9s dans le projet commun du MSAG.<br>L&#8217;objectif \u00e9tait de permettre aux b\u00e9n\u00e9ficiaires d&#8217;acqu\u00e9rir des comp\u00e9tences sur la strat\u00e9gie et les outils de recherche d&#8217;emploi, les Soft Skills et le D\u00e9veloppement Personnel et de les informer sur les opportunit\u00e9s du march\u00e9 de l&#8217;emploi.<\/p>\n\n\n\n<p class=\"wp-block-paragraph\"><\/p>\n","protected":false},"excerpt":{"rendered":"<p>L&#8217; antenne r\u00e9gionale de Thi\u00e8s, \u00e0 travers son Bureau de Saly, en partenariat avec ONG UCOOPIA a organis\u00e9 une session de formation portant sur les Techniques de Recherche d&#8217;emploi, sur [&hellip;]<\/p>\n","protected":false},"author":1,"featured_media":17772,"comment_status":"closed","ping_status":"closed","sticky":false,"template":"","format":"standard","meta":{"footnotes":""},"categories":[41],"tags":[],"class_list":["post-17795","post","type-post","status-publish","format-standard","has-post-thumbnail","hentry","category-actualite"],"rttpg_featured_image_url":{"full":["https:\/\/anpej.sn\/accueil\/wp-content\/uploads\/2026\/07\/zig-50j.jpg",1280,960,false],"landscape":["https:\/\/anpej.sn\/accueil\/wp-content\/uploads\/2026\/07\/zig-50j.jpg",1280,960,false],"portraits":["https:\/\/anpej.sn\/accueil\/wp-content\/uploads\/2026\/07\/zig-50j.jpg",1280,960,false],"thumbnail":["https:\/\/anpej.sn\/accueil\/wp-content\/uploads\/2026\/07\/zig-50j-175x175.jpg",175,175,true],"medium":["https:\/\/anpej.sn\/accueil\/wp-content\/uploads\/2026\/07\/zig-50j-600x540.jpg",600,540,true],"large":["https:\/\/anpej.sn\/accueil\/wp-content\/uploads\/2026\/07\/zig-50j-1024x768.jpg",900,675,true],"post-thumbnail":["https:\/\/anpej.sn\/accueil\/wp-content\/uploads\/2026\/07\/zig-50j-550x410.jpg",550,410,true],"consilox_medium":["https:\/\/anpej.sn\/accueil\/wp-content\/uploads\/2026\/07\/zig-50j-550x580.jpg",550,580,true],"woocommerce_thumbnail":["https:\/\/anpej.sn\/accueil\/wp-content\/uploads\/2026\/07\/zig-50j-300x300.jpg",300,300,true],"woocommerce_single":["https:\/\/anpej.sn\/accueil\/wp-content\/uploads\/2026\/07\/zig-50j-600x450.jpg",600,450,true],"woocommerce_gallery_thumbnail":["https:\/\/anpej.sn\/accueil\/wp-content\/uploads\/2026\/07\/zig-50j-180x180.jpg",180,180,true]},"rttpg_author":{"display_name":"admin","author_link":"https:\/\/anpej.sn\/accueil\/author\/admin\/"},"rttpg_comment":0,"rttpg_category":"<a href=\"https:\/\/anpej.sn\/accueil\/category\/actualite\/\" rel=\"category tag\">actualit\u00e9<\/a>","rttpg_excerpt":"L&#8217; antenne r\u00e9gionale de Thi\u00e8s, \u00e0 travers son Bureau de Saly, en partenariat avec ONG UCOOPIA a organis\u00e9 une session de formation portant sur les Techniques de Recherche d&#8217;emploi, sur [&hellip;]","_links":{"self":[{"href":"https:\/\/anpej.sn\/accueil\/wp-json\/wp\/v2\/posts\/17795","targetHints":{"allow":["GET"]}}],"collection":[{"href":"https:\/\/anpej.sn\/accueil\/wp-json\/wp\/v2\/posts"}],"about":[{"href":"https:\/\/anpej.sn\/accueil\/wp-json\/wp\/v2\/types\/post"}],"author":[{"embeddable":true,"href":"https:\/\/anpej.sn\/accueil\/wp-json\/wp\/v2\/users\/1"}],"replies":[{"embeddable":true,"href":"https:\/\/anpej.sn\/accueil\/wp-json\/wp\/v2\/comments?post=17795"}],"version-history":[{"count":2,"href":"https:\/\/anpej.sn\/accueil\/wp-json\/wp\/v2\/posts\/17795\/revisions"}],"predecessor-version":[{"id":17798,"href":"https:\/\/anpej.sn\/accueil\/wp-json\/wp\/v2\/posts\/17795\/revisions\/17798"}],"wp:featuredmedia":[{"embeddable":true,"href":"https:\/\/anpej.sn\/accueil\/wp-json\/wp\/v2\/media\/17772"}],"wp:attachment":[{"href":"https:\/\/anpej.sn\/accueil\/wp-json\/wp\/v2\/media?parent=17795"}],"wp:term":[{"taxonomy":"category","embeddable":true,"href":"https:\/\/anpej.sn\/accueil\/wp-json\/wp\/v2\/categories?post=17795"},{"taxonomy":"post_tag","embeddable":true,"href":"https:\/\/anpej.sn\/accueil\/wp-json\/wp\/v2\/tags?post=17795"}],"curies":[{"name":"wp","href":"https:\/\/api.w.org\/{rel}","templated":true}]}}