{"id":17800,"date":"2026-09-01T17:47:31","date_gmt":"2026-09-01T15:47:31","guid":{"rendered":"https:\/\/anpej.sn\/accueil\/?p=17800"},"modified":"2026-09-02T18:57:27","modified_gmt":"2026-09-02T16:57:27","slug":"thies-lanpej-participe-au-bootcamp-de-jed-pour-renforcer-lemployabilite-des-jeunes-et-developper-les-synergies-entre-acteurs","status":"publish","type":"post","link":"https:\/\/anpej.sn\/accueil\/thies-lanpej-participe-au-bootcamp-de-jed-pour-renforcer-lemployabilite-des-jeunes-et-developper-les-synergies-entre-acteurs\/","title":{"rendered":"Thi\u00e8s : l\u2019ANPEJ participe au Bootcamp de JED pour renforcer l\u2019employabilit\u00e9 des jeunes et d\u00e9velopper les synergies entre acteurs"},"content":{"rendered":"\n<p class=\"wp-block-paragraph\">L&#8217;antenne r\u00e9gionale de Thi\u00e8s a pris part au Bootcamp organis\u00e9 par l&#8217;ONG Jeunesse et D\u00e9veloppement (JED) au CIFOP de Mboro.<br>Cette activit\u00e9 qui avait r\u00e9union 64 issus de diff\u00e9rentes communes de la r\u00e9gion de Thi\u00e8s, de coach accompagnateur d\u00e9ploy\u00e9s par l&#8217;ONG EDC S\u00e9n\u00e9gal et des encadreurs de JED, \u00e9tait l&#8217;ocation pour l&#8217;ANPEJ de pr\u00e9senter son offre de services et les diff\u00e9rentes opportunit\u00e9s offertes par les acteurs de l&#8217;\u00e9cosyst\u00e8me qui interviennent dans la r\u00e9gion de Thi\u00e8s.<br>Comme perspective, une convention de partenariat entre Anpej, EDC S\u00e9n\u00e9gal et JED est envisag\u00e9e.<\/p>\n","protected":false},"excerpt":{"rendered":"<p>L&#8217;antenne r\u00e9gionale de Thi\u00e8s a pris part au Bootcamp organis\u00e9 par l&#8217;ONG Jeunesse et D\u00e9veloppement (JED) au CIFOP de Mboro.Cette activit\u00e9 qui avait r\u00e9union 64 issus de diff\u00e9rentes communes de [&hellip;]<\/p>\n","protected":false},"author":1,"featured_media":17806,"comment_status":"closed","ping_status":"closed","sticky":false,"template":"","format":"standard","meta":{"footnotes":""},"categories":[41],"tags":[],"class_list":["post-17800","post","type-post","status-publish","format-standard","has-post-thumbnail","hentry","category-actualite"],"rttpg_featured_image_url":{"full":["https:\/\/anpej.sn\/accueil\/wp-content\/uploads\/2026\/09\/bootcamp-cifop.jpg",1080,720,false],"landscape":["https:\/\/anpej.sn\/accueil\/wp-content\/uploads\/2026\/09\/bootcamp-cifop.jpg",1080,720,false],"portraits":["https:\/\/anpej.sn\/accueil\/wp-content\/uploads\/2026\/09\/bootcamp-cifop.jpg",1080,720,false],"thumbnail":["https:\/\/anpej.sn\/accueil\/wp-content\/uploads\/2026\/09\/bootcamp-cifop-175x175.jpg",175,175,true],"medium":["https:\/\/anpej.sn\/accueil\/wp-content\/uploads\/2026\/09\/bootcamp-cifop-600x540.jpg",600,540,true],"large":["https:\/\/anpej.sn\/accueil\/wp-content\/uploads\/2026\/09\/bootcamp-cifop-1024x683.jpg",900,600,true],"post-thumbnail":["https:\/\/anpej.sn\/accueil\/wp-content\/uploads\/2026\/09\/bootcamp-cifop-550x410.jpg",550,410,true],"consilox_medium":["https:\/\/anpej.sn\/accueil\/wp-content\/uploads\/2026\/09\/bootcamp-cifop-550x580.jpg",550,580,true],"woocommerce_thumbnail":["https:\/\/anpej.sn\/accueil\/wp-content\/uploads\/2026\/09\/bootcamp-cifop-300x300.jpg",300,300,true],"woocommerce_single":["https:\/\/anpej.sn\/accueil\/wp-content\/uploads\/2026\/09\/bootcamp-cifop-600x400.jpg",600,400,true],"woocommerce_gallery_thumbnail":["https:\/\/anpej.sn\/accueil\/wp-content\/uploads\/2026\/09\/bootcamp-cifop-180x180.jpg",180,180,true]},"rttpg_author":{"display_name":"admin","author_link":"https:\/\/anpej.sn\/accueil\/author\/admin\/"},"rttpg_comment":0,"rttpg_category":"<a href=\"https:\/\/anpej.sn\/accueil\/category\/actualite\/\" rel=\"category tag\">actualit\u00e9<\/a>","rttpg_excerpt":"L&#8217;antenne r\u00e9gionale de Thi\u00e8s a pris part au Bootcamp organis\u00e9 par l&#8217;ONG Jeunesse et D\u00e9veloppement (JED) au CIFOP de Mboro.Cette activit\u00e9 qui avait r\u00e9union 64 issus de diff\u00e9rentes communes de [&hellip;]","_links":{"self":[{"href":"https:\/\/anpej.sn\/accueil\/wp-json\/wp\/v2\/posts\/17800","targetHints":{"allow":["GET"]}}],"collection":[{"href":"https:\/\/anpej.sn\/accueil\/wp-json\/wp\/v2\/posts"}],"about":[{"href":"https:\/\/anpej.sn\/accueil\/wp-json\/wp\/v2\/types\/post"}],"author":[{"embeddable":true,"href":"https:\/\/anpej.sn\/accueil\/wp-json\/wp\/v2\/users\/1"}],"replies":[{"embeddable":true,"href":"https:\/\/anpej.sn\/accueil\/wp-json\/wp\/v2\/comments?post=17800"}],"version-history":[{"count":1,"href":"https:\/\/anpej.sn\/accueil\/wp-json\/wp\/v2\/posts\/17800\/revisions"}],"predecessor-version":[{"id":17802,"href":"https:\/\/anpej.sn\/accueil\/wp-json\/wp\/v2\/posts\/17800\/revisions\/17802"}],"wp:featuredmedia":[{"embeddable":true,"href":"https:\/\/anpej.sn\/accueil\/wp-json\/wp\/v2\/media\/17806"}],"wp:attachment":[{"href":"https:\/\/anpej.sn\/accueil\/wp-json\/wp\/v2\/media?parent=17800"}],"wp:term":[{"taxonomy":"category","embeddable":true,"href":"https:\/\/anpej.sn\/accueil\/wp-json\/wp\/v2\/categories?post=17800"},{"taxonomy":"post_tag","embeddable":true,"href":"https:\/\/anpej.sn\/accueil\/wp-json\/wp\/v2\/tags?post=17800"}],"curies":[{"name":"wp","href":"https:\/\/api.w.org\/{rel}","templated":true}]}}