{"id":17803,"date":"2026-09-01T18:10:12","date_gmt":"2026-09-01T16:10:12","guid":{"rendered":"https:\/\/anpej.sn\/accueil\/?p=17803"},"modified":"2026-09-02T18:16:51","modified_gmt":"2026-09-02T16:16:51","slug":"atelier-de-lancement-du-chapitre-national-jeunesse-du-world-food-forum-senegal-lanpej-mobilisee-pour-lengagement-des-jeunes-dans-la-transformation-durable-des-systemes-alimentaires","status":"publish","type":"post","link":"https:\/\/anpej.sn\/accueil\/atelier-de-lancement-du-chapitre-national-jeunesse-du-world-food-forum-senegal-lanpej-mobilisee-pour-lengagement-des-jeunes-dans-la-transformation-durable-des-systemes-alimentaires\/","title":{"rendered":"Atelier de lancement du Chapitre National Jeunesse du World Food Forum S\u00e9n\u00e9gal : l\u2019ANPEJ mobilis\u00e9e pour l\u2019engagement des jeunes dans la transformation durable des syst\u00e8mes alimentaires"},"content":{"rendered":"\n<p class=\"wp-block-paragraph\">L&#8217;antenne r\u00e9gionale de Thi\u00e8s a pris part \u00e0 l&#8217;atelier de lancement du Chapitre National Jeunesse du World Food Forum S\u00e9n\u00e9gal . Cette initiative de la FAO est une plateforme nationale inclusive de coordination, d\u2019engagement et de leadership des jeunes pour la transformation durable des syst\u00e8mes alimentaires.<br>Cet atelier qui mobilis\u00e9 50 participants venant des diff\u00e9rentes structures et organisation engag\u00e9es dans la cause des syst\u00e8mes alimentaires au S\u00e9n\u00e9gal, a \u00e9t\u00e9 pr\u00e9sid\u00e9e par le Directeur de la jeunesse, en pr\u00e9sence du Repr\u00e9sentant pays de la FAO, du Repr\u00e9sentant de la FIDA, et Pr\u00e9sident nationale du conseil consultatif de la jeunesse<\/p>\n\n\n\n<p class=\"wp-block-paragraph\"><\/p>\n","protected":false},"excerpt":{"rendered":"<p>L&#8217;antenne r\u00e9gionale de Thi\u00e8s a pris part \u00e0 l&#8217;atelier de lancement du Chapitre National Jeunesse du World Food Forum S\u00e9n\u00e9gal . Cette initiative de la FAO est une plateforme nationale [&hellip;]<\/p>\n","protected":false},"author":1,"featured_media":17804,"comment_status":"closed","ping_status":"closed","sticky":false,"template":"","format":"standard","meta":{"footnotes":""},"categories":[41],"tags":[],"class_list":["post-17803","post","type-post","status-publish","format-standard","has-post-thumbnail","hentry","category-actualite"],"rttpg_featured_image_url":{"full":["https:\/\/anpej.sn\/accueil\/wp-content\/uploads\/2026\/09\/world-food.jpg",1280,960,false],"landscape":["https:\/\/anpej.sn\/accueil\/wp-content\/uploads\/2026\/09\/world-food.jpg",1280,960,false],"portraits":["https:\/\/anpej.sn\/accueil\/wp-content\/uploads\/2026\/09\/world-food.jpg",1280,960,false],"thumbnail":["https:\/\/anpej.sn\/accueil\/wp-content\/uploads\/2026\/09\/world-food-175x175.jpg",175,175,true],"medium":["https:\/\/anpej.sn\/accueil\/wp-content\/uploads\/2026\/09\/world-food-600x540.jpg",600,540,true],"large":["https:\/\/anpej.sn\/accueil\/wp-content\/uploads\/2026\/09\/world-food-1024x768.jpg",900,675,true],"post-thumbnail":["https:\/\/anpej.sn\/accueil\/wp-content\/uploads\/2026\/09\/world-food-550x410.jpg",550,410,true],"consilox_medium":["https:\/\/anpej.sn\/accueil\/wp-content\/uploads\/2026\/09\/world-food-550x580.jpg",550,580,true],"woocommerce_thumbnail":["https:\/\/anpej.sn\/accueil\/wp-content\/uploads\/2026\/09\/world-food-300x300.jpg",300,300,true],"woocommerce_single":["https:\/\/anpej.sn\/accueil\/wp-content\/uploads\/2026\/09\/world-food-600x450.jpg",600,450,true],"woocommerce_gallery_thumbnail":["https:\/\/anpej.sn\/accueil\/wp-content\/uploads\/2026\/09\/world-food-180x180.jpg",180,180,true]},"rttpg_author":{"display_name":"admin","author_link":"https:\/\/anpej.sn\/accueil\/author\/admin\/"},"rttpg_comment":0,"rttpg_category":"<a href=\"https:\/\/anpej.sn\/accueil\/category\/actualite\/\" rel=\"category tag\">actualit\u00e9<\/a>","rttpg_excerpt":"L&#8217;antenne r\u00e9gionale de Thi\u00e8s a pris part \u00e0 l&#8217;atelier de lancement du Chapitre National Jeunesse du World Food Forum S\u00e9n\u00e9gal . Cette initiative de la FAO est une plateforme nationale [&hellip;]","_links":{"self":[{"href":"https:\/\/anpej.sn\/accueil\/wp-json\/wp\/v2\/posts\/17803","targetHints":{"allow":["GET"]}}],"collection":[{"href":"https:\/\/anpej.sn\/accueil\/wp-json\/wp\/v2\/posts"}],"about":[{"href":"https:\/\/anpej.sn\/accueil\/wp-json\/wp\/v2\/types\/post"}],"author":[{"embeddable":true,"href":"https:\/\/anpej.sn\/accueil\/wp-json\/wp\/v2\/users\/1"}],"replies":[{"embeddable":true,"href":"https:\/\/anpej.sn\/accueil\/wp-json\/wp\/v2\/comments?post=17803"}],"version-history":[{"count":1,"href":"https:\/\/anpej.sn\/accueil\/wp-json\/wp\/v2\/posts\/17803\/revisions"}],"predecessor-version":[{"id":17805,"href":"https:\/\/anpej.sn\/accueil\/wp-json\/wp\/v2\/posts\/17803\/revisions\/17805"}],"wp:featuredmedia":[{"embeddable":true,"href":"https:\/\/anpej.sn\/accueil\/wp-json\/wp\/v2\/media\/17804"}],"wp:attachment":[{"href":"https:\/\/anpej.sn\/accueil\/wp-json\/wp\/v2\/media?parent=17803"}],"wp:term":[{"taxonomy":"category","embeddable":true,"href":"https:\/\/anpej.sn\/accueil\/wp-json\/wp\/v2\/categories?post=17803"},{"taxonomy":"post_tag","embeddable":true,"href":"https:\/\/anpej.sn\/accueil\/wp-json\/wp\/v2\/tags?post=17803"}],"curies":[{"name":"wp","href":"https:\/\/api.w.org\/{rel}","templated":true}]}}