{"id":5785,"date":"2021-12-22T09:26:18","date_gmt":"2021-12-22T09:26:18","guid":{"rendered":"https:\/\/anpej.sn\/?p=5785"},"modified":"2021-12-22T09:26:18","modified_gmt":"2021-12-22T09:26:18","slug":"5785","status":"publish","type":"post","link":"https:\/\/anpej.sn\/accueil\/5785\/","title":{"rendered":"Formation Technique collecte de donn\u00e9es"},"content":{"rendered":"<p>[vc_row][vc_column][vc_column_text]<\/p>\n<div dir=\"auto\" style=\"text-align: justify;\">Lancement, ce mardi 11 octobre 2022 de la premi\u00e8re cohorte de 25 jeunes form\u00e9s aux techniques de collecte de donn\u00e9es \u00e0 Diourbel au niveau du p\u00f4le emploi et entreprenariat.<\/div>\n<div dir=\"auto\" style=\"text-align: justify;\">La formation est d\u00e9livr\u00e9e en partenariat avec l\u2019Agence Nationale de la Statistique et de la D\u00e9mographie ANSD et financ\u00e9e par la coop\u00e9ration allemande GIZ \u00e0 travers le Programme Migration pour l\u00e0 D\u00e9veloppement PMD, va se d\u00e9rouler jusqu\u2019au 22 Octobre 2022..<\/div>\n<div dir=\"auto\" style=\"text-align: justify;\">Dans ce m\u00eame cadre, l\u2019antenne r\u00e9gionale de l\u2019anpej de Diourbel va conduire cinq (5) autre sessions de formation en transformations c\u00e9r\u00e9ales,en saponification, en transformation du lait et en aviculture.<\/div>\n<p>[\/vc_column_text][\/vc_column][\/vc_row]<\/p>\n","protected":false},"excerpt":{"rendered":"<p>[vc_row][vc_column][vc_column_text] Lancement, ce mardi 11 octobre 2022 de la premi\u00e8re cohorte de 25 jeunes form\u00e9s aux techniques de collecte de donn\u00e9es \u00e0 Diourbel au niveau du p\u00f4le emploi et entreprenariat. [&hellip;]<\/p>\n","protected":false},"author":1,"featured_media":13917,"comment_status":"open","ping_status":"open","sticky":false,"template":"","format":"standard","meta":{"footnotes":""},"categories":[41,1],"tags":[],"class_list":["post-5785","post","type-post","status-publish","format-standard","has-post-thumbnail","hentry","category-actualite","category-non-classe"],"rttpg_featured_image_url":{"full":["https:\/\/anpej.sn\/accueil\/wp-content\/uploads\/2021\/12\/311584687_414248774231820_816815243990117273_n.jpg",1080,810,false],"landscape":["https:\/\/anpej.sn\/accueil\/wp-content\/uploads\/2021\/12\/311584687_414248774231820_816815243990117273_n.jpg",1080,810,false],"portraits":["https:\/\/anpej.sn\/accueil\/wp-content\/uploads\/2021\/12\/311584687_414248774231820_816815243990117273_n.jpg",1080,810,false],"thumbnail":["https:\/\/anpej.sn\/accueil\/wp-content\/uploads\/2021\/12\/311584687_414248774231820_816815243990117273_n-175x175.jpg",175,175,true],"medium":["https:\/\/anpej.sn\/accueil\/wp-content\/uploads\/2021\/12\/311584687_414248774231820_816815243990117273_n-600x540.jpg",600,540,true],"large":["https:\/\/anpej.sn\/accueil\/wp-content\/uploads\/2021\/12\/311584687_414248774231820_816815243990117273_n-1024x768.jpg",900,675,true],"post-thumbnail":["https:\/\/anpej.sn\/accueil\/wp-content\/uploads\/2021\/12\/311584687_414248774231820_816815243990117273_n-550x410.jpg",550,410,true],"consilox_medium":["https:\/\/anpej.sn\/accueil\/wp-content\/uploads\/2021\/12\/311584687_414248774231820_816815243990117273_n-550x580.jpg",550,580,true],"woocommerce_thumbnail":["https:\/\/anpej.sn\/accueil\/wp-content\/uploads\/2021\/12\/311584687_414248774231820_816815243990117273_n-300x300.jpg",300,300,true],"woocommerce_single":["https:\/\/anpej.sn\/accueil\/wp-content\/uploads\/2021\/12\/311584687_414248774231820_816815243990117273_n-600x450.jpg",600,450,true],"woocommerce_gallery_thumbnail":["https:\/\/anpej.sn\/accueil\/wp-content\/uploads\/2021\/12\/311584687_414248774231820_816815243990117273_n-180x180.jpg",180,180,true]},"rttpg_author":{"display_name":"admin","author_link":"https:\/\/anpej.sn\/accueil\/author\/admin\/"},"rttpg_comment":84,"rttpg_category":"<a href=\"https:\/\/anpej.sn\/accueil\/category\/actualite\/\" rel=\"category tag\">actualit\u00e9<\/a> <a href=\"https:\/\/anpej.sn\/accueil\/category\/non-classe\/\" rel=\"category tag\">Non class\u00e9<\/a>","rttpg_excerpt":"[vc_row][vc_column][vc_column_text] Lancement, ce mardi 11 octobre 2022 de la premi\u00e8re cohorte de 25 jeunes form\u00e9s aux techniques de collecte de donn\u00e9es \u00e0 Diourbel au niveau du p\u00f4le emploi et entreprenariat. [&hellip;]","_links":{"self":[{"href":"https:\/\/anpej.sn\/accueil\/wp-json\/wp\/v2\/posts\/5785","targetHints":{"allow":["GET"]}}],"collection":[{"href":"https:\/\/anpej.sn\/accueil\/wp-json\/wp\/v2\/posts"}],"about":[{"href":"https:\/\/anpej.sn\/accueil\/wp-json\/wp\/v2\/types\/post"}],"author":[{"embeddable":true,"href":"https:\/\/anpej.sn\/accueil\/wp-json\/wp\/v2\/users\/1"}],"replies":[{"embeddable":true,"href":"https:\/\/anpej.sn\/accueil\/wp-json\/wp\/v2\/comments?post=5785"}],"version-history":[{"count":0,"href":"https:\/\/anpej.sn\/accueil\/wp-json\/wp\/v2\/posts\/5785\/revisions"}],"wp:featuredmedia":[{"embeddable":true,"href":"https:\/\/anpej.sn\/accueil\/wp-json\/wp\/v2\/media\/13917"}],"wp:attachment":[{"href":"https:\/\/anpej.sn\/accueil\/wp-json\/wp\/v2\/media?parent=5785"}],"wp:term":[{"taxonomy":"category","embeddable":true,"href":"https:\/\/anpej.sn\/accueil\/wp-json\/wp\/v2\/categories?post=5785"},{"taxonomy":"post_tag","embeddable":true,"href":"https:\/\/anpej.sn\/accueil\/wp-json\/wp\/v2\/tags?post=5785"}],"curies":[{"name":"wp","href":"https:\/\/api.w.org\/{rel}","templated":true}]}}