{"id":9776,"date":"2023-08-17T13:07:28","date_gmt":"2023-08-17T13:07:28","guid":{"rendered":"https:\/\/sitetest.anpej.sn\/?p=93"},"modified":"2023-08-17T13:07:28","modified_gmt":"2023-08-17T13:07:28","slug":"tremplin-startup-uemoa-2","status":"publish","type":"post","link":"https:\/\/anpej.sn\/accueil\/tremplin-startup-uemoa-2\/","title":{"rendered":"L&#8217;ANPEJ et Galileo Partners Orientent 240 jeunes vers la Migration Professionnelle au Canada"},"content":{"rendered":"<p><iframe title=\"Saisir l&#039;Odyss\u00e9e de l&#039;Emploi : L&#039;ANPEJ et Galileo Partners Orientent 240 jeunes\" width=\"900\" height=\"506\" src=\"https:\/\/www.youtube.com\/embed\/qAwtAVROf_w?feature=oembed\" frameborder=\"0\" allow=\"accelerometer; autoplay; clipboard-write; encrypted-media; gyroscope; picture-in-picture; web-share\" referrerpolicy=\"strict-origin-when-cross-origin\" allowfullscreen><\/iframe><\/p>\n<p>Une session d&#8217;information s&#8217;est tenue au sein de l&#8217;Institut Fran\u00e7ais de Dakar, le mercredi 16 ao\u00fbt. Organis\u00e9e conjointement par l&#8217;Agence Nationale pour la Promotion de l&#8217;Emploi des Jeunes (ANPEJ) et Galileo Partners, cette rencontre vise \u00e0 \u00e9clairer et guider 240 jeunes s\u00e9n\u00e9galais dans leur recherche de perspectives professionnelles internationales. L&#8217;\u00e9v\u00e9nement a \u00e9t\u00e9 marqu\u00e9 par la pr\u00e9sence de Francis Grignet, avocat en immigration chez Galileo Partners, ainsi que de Tamsir Faye, Directeur G\u00e9n\u00e9ral de l&#8217;ANPEJ.<\/p>\n<p>L&#8217;objectif majeur de cette initiative \u00e9tait de fournir aux jeunes des informations essentielles concernant la migration professionnelle, un domaine qui s&#8217;av\u00e8re complexe et exigeant. Francis Grignet a soulign\u00e9 l&#8217;importance d&#8217;une pr\u00e9paration minutieuse, pr\u00e9cisant que &#8220;c&#8217;est un processus long et complexe qui n\u00e9cessite d&#8217;\u00eatre bien renseign\u00e9 au d\u00e9part.&#8221; Il a aussi mis en avant le r\u00f4le crucial de l&#8217;accompagnement lors de cette d\u00e9marche et a insist\u00e9 sur le fait qu&#8217;aucun frais ne devrait \u00eatre impos\u00e9 aux candidats pour obtenir un entretien d&#8217;embauche.<\/p>\n<p>La diversit\u00e9 des opportunit\u00e9s professionnelles a \u00e9galement \u00e9t\u00e9 abord\u00e9e. Les postes concernaient principalement le domaine manufacturier, allant de soudeurs \u00e0 \u00e9lectrom\u00e9caniciens, m\u00e9caniciens et journaliers de production. Des opportunit\u00e9s dans le secteur de l&#8217;h\u00f4tellerie ont, par ailleurs, \u00e9t\u00e9 \u00e9voqu\u00e9es. N\u00e9anmoins, il a \u00e9t\u00e9 indiqu\u00e9 que les besoins au Canada d\u00e9passent les postes offerts par Galileo Partners.<\/p>\n<p>Tamsir Faye, Directeur G\u00e9n\u00e9ral de l&#8217;ANPEJ, a exprim\u00e9 sa gratitude envers Galileo Partners pour le partenariat \u201cfructueux\u201d qui a permis de mettre en place cette session d&#8217;information. Il a mis en avant l&#8217;importance de la migration professionnelle r\u00e9guli\u00e8re, s\u00fbre et ordonn\u00e9e pour le S\u00e9n\u00e9gal, tout en veillant \u00e0 pr\u00e9server les opportunit\u00e9s professionnelles au niveau local. &#8220;L&#8217;ANPEJ d\u00e9multiplie ce type d&#8217;initiative pour promouvoir davantage la migration r\u00e9guli\u00e8re, s\u00fbre et ordonn\u00e9e aux fins de travail au Canada et dans les autres pays \u00e9trangers&#8221;<\/p>\n<p>Le Directeur g\u00e9n\u00e9ral de l\u2019ANPEJ a \u00e9galement rappel\u00e9 que l&#8217;offre de service de mobilit\u00e9 professionnelle \u00e0 l&#8217;international est un axe strat\u00e9gique majeur pour l&#8217;ANPEJ. Cette session d&#8217;information entrerait en droite ligne avec la mission de l&#8217;agence qui est de permettre aux jeunes s\u00e9n\u00e9galais de saisir les opportunit\u00e9s \u00e0 l&#8217;\u00e9chelle mondiale tout en renfor\u00e7ant leurs comp\u00e9tences pour r\u00e9pondre aux exigences du march\u00e9 international.<br \/>Dans le cadre de cette mission de recrutement, les \u00e9quipes du p\u00f4le migration et mobilit\u00e9 professionnelle de l&#8217;ANPEJ ont travaill\u00e9 en amont pour assurer une pr\u00e9paration compl\u00e8te des candidats. Des s\u00e9ances de coaching ont \u00e9t\u00e9 men\u00e9es pour augmenter l&#8217;employabilit\u00e9 des participants et pour s\u00e9lectionner les meilleurs profils pour les entretiens d&#8217;embauche.<br \/>Cette session d&#8217;information a \u00e9t\u00e9 une \u00e9tape d\u00e9terminante pour les jeunes s\u00e9n\u00e9galais en qu\u00eate de possibilit\u00e9s professionnelles \u00e0 l&#8217;international. Gr\u00e2ce \u00e0 cette collaboration entre l&#8217;ANPEJ et Galileo Partners, de nombreuses opportunit\u00e9s ont \u00e9t\u00e9 mises \u00e0 disposition tout en favorisant une migration r\u00e9guli\u00e8re et bien encadr\u00e9e.<\/p>\n","protected":false},"excerpt":{"rendered":"<p>Une session d&#8217;information s&#8217;est tenue au sein de l&#8217;Institut Fran\u00e7ais de Dakar, le mercredi 16 ao\u00fbt.<\/p>\n","protected":false},"author":1,"featured_media":13841,"comment_status":"open","ping_status":"open","sticky":false,"template":"","format":"standard","meta":{"footnotes":""},"categories":[41,1],"tags":[],"class_list":["post-9776","post","type-post","status-publish","format-standard","has-post-thumbnail","hentry","category-actualite","category-non-classe"],"rttpg_featured_image_url":{"full":["https:\/\/anpej.sn\/accueil\/wp-content\/uploads\/2023\/08\/Gallileo.png",447,305,false],"landscape":["https:\/\/anpej.sn\/accueil\/wp-content\/uploads\/2023\/08\/Gallileo.png",447,305,false],"portraits":["https:\/\/anpej.sn\/accueil\/wp-content\/uploads\/2023\/08\/Gallileo.png",447,305,false],"thumbnail":["https:\/\/anpej.sn\/accueil\/wp-content\/uploads\/2023\/08\/Gallileo-175x175.png",175,175,true],"medium":["https:\/\/anpej.sn\/accueil\/wp-content\/uploads\/2023\/08\/Gallileo.png",447,305,false],"large":["https:\/\/anpej.sn\/accueil\/wp-content\/uploads\/2023\/08\/Gallileo.png",447,305,false],"post-thumbnail":["https:\/\/anpej.sn\/accueil\/wp-content\/uploads\/2023\/08\/Gallileo.png",447,305,false],"consilox_medium":["https:\/\/anpej.sn\/accueil\/wp-content\/uploads\/2023\/08\/Gallileo.png",447,305,false],"woocommerce_thumbnail":["https:\/\/anpej.sn\/accueil\/wp-content\/uploads\/2023\/08\/Gallileo-300x300.png",300,300,true],"woocommerce_single":["https:\/\/anpej.sn\/accueil\/wp-content\/uploads\/2023\/08\/Gallileo.png",447,305,false],"woocommerce_gallery_thumbnail":["https:\/\/anpej.sn\/accueil\/wp-content\/uploads\/2023\/08\/Gallileo-180x180.png",180,180,true]},"rttpg_author":{"display_name":"admin","author_link":"https:\/\/anpej.sn\/accueil\/author\/admin\/"},"rttpg_comment":69,"rttpg_category":"<a href=\"https:\/\/anpej.sn\/accueil\/category\/actualite\/\" rel=\"category tag\">actualit\u00e9<\/a> <a href=\"https:\/\/anpej.sn\/accueil\/category\/non-classe\/\" rel=\"category tag\">Non class\u00e9<\/a>","rttpg_excerpt":"Une session d'information s'est tenue au sein de l'Institut Fran\u00e7ais de Dakar, le mercredi 16 ao\u00fbt.","_links":{"self":[{"href":"https:\/\/anpej.sn\/accueil\/wp-json\/wp\/v2\/posts\/9776","targetHints":{"allow":["GET"]}}],"collection":[{"href":"https:\/\/anpej.sn\/accueil\/wp-json\/wp\/v2\/posts"}],"about":[{"href":"https:\/\/anpej.sn\/accueil\/wp-json\/wp\/v2\/types\/post"}],"author":[{"embeddable":true,"href":"https:\/\/anpej.sn\/accueil\/wp-json\/wp\/v2\/users\/1"}],"replies":[{"embeddable":true,"href":"https:\/\/anpej.sn\/accueil\/wp-json\/wp\/v2\/comments?post=9776"}],"version-history":[{"count":0,"href":"https:\/\/anpej.sn\/accueil\/wp-json\/wp\/v2\/posts\/9776\/revisions"}],"wp:featuredmedia":[{"embeddable":true,"href":"https:\/\/anpej.sn\/accueil\/wp-json\/wp\/v2\/media\/13841"}],"wp:attachment":[{"href":"https:\/\/anpej.sn\/accueil\/wp-json\/wp\/v2\/media?parent=9776"}],"wp:term":[{"taxonomy":"category","embeddable":true,"href":"https:\/\/anpej.sn\/accueil\/wp-json\/wp\/v2\/categories?post=9776"},{"taxonomy":"post_tag","embeddable":true,"href":"https:\/\/anpej.sn\/accueil\/wp-json\/wp\/v2\/tags?post=9776"}],"curies":[{"name":"wp","href":"https:\/\/api.w.org\/{rel}","templated":true}]}}