{"id":9777,"date":"2023-03-15T09:32:08","date_gmt":"2023-03-15T09:32:08","guid":{"rendered":"https:\/\/anpej.sn\/?p=1413"},"modified":"2023-03-15T09:32:08","modified_gmt":"2023-03-15T09:32:08","slug":"wibinaire-sur-le-guichet-unique-2","status":"publish","type":"post","link":"https:\/\/anpej.sn\/accueil\/wibinaire-sur-le-guichet-unique-2\/","title":{"rendered":"L&#8217;Inauguration de la boulangerie de l&#8217;Oncad Santhie de MBOUR"},"content":{"rendered":"\n<div dir=\"auto\">\n<div dir=\"auto\">\n<div dir=\"auto\">\n<div dir=\"auto\">Le Directeur General de l&#8217;ANPEJ et sa d\u00e9l\u00e9gation ont proc\u00e9d\u00e9 \u00e0 l&#8217;inauguration du boulangerie de Mbour le mercredi 12 avril 2023.\u00a0 Les populations ont chaleureusement re\u00e7u avec beaucoup d&#8217;\u00e9motion la cl\u00e9 de la nouvelle boulangerie<\/div>\n<div dir=\"auto\">#facebook.com\/anpej<\/div>\n<div dir=\"auto\">#https:\/\/anpej.sn<\/div>\n<div dir=\"auto\">\u00a0<\/div>\n<\/div>\n<\/div>\n<\/div>\n\n\n","protected":false},"excerpt":{"rendered":"<p>L\u2019Agence Nationale pour la promotion de l\u2019emploi des jeunes ANPEJ a re\u00e7u la visite du ministre de la jeunesse, de la promotion de l\u2019entrepreneuriat et de l\u2019emploi du Burkina Faso. Monsieur Salifo TIEMTOR\u00c9 accompagn\u00e9 d\u2019une forte d\u00e9l\u00e9gation a \u00e9t\u00e9 accueilli par le Directeur G\u00e9n\u00e9ral, Monsieur Tamsir Faye et ses collaborateurs.<\/p>\n","protected":false},"author":1,"featured_media":13856,"comment_status":"open","ping_status":"open","sticky":false,"template":"","format":"standard","meta":{"footnotes":""},"categories":[41,1],"tags":[],"class_list":["post-9777","post","type-post","status-publish","format-standard","has-post-thumbnail","hentry","category-actualite","category-non-classe"],"rttpg_featured_image_url":{"full":["https:\/\/anpej.sn\/accueil\/wp-content\/uploads\/2023\/03\/mbour.jpg",960,720,false],"landscape":["https:\/\/anpej.sn\/accueil\/wp-content\/uploads\/2023\/03\/mbour.jpg",960,720,false],"portraits":["https:\/\/anpej.sn\/accueil\/wp-content\/uploads\/2023\/03\/mbour.jpg",960,720,false],"thumbnail":["https:\/\/anpej.sn\/accueil\/wp-content\/uploads\/2023\/03\/mbour-175x175.jpg",175,175,true],"medium":["https:\/\/anpej.sn\/accueil\/wp-content\/uploads\/2023\/03\/mbour-600x540.jpg",600,540,true],"large":["https:\/\/anpej.sn\/accueil\/wp-content\/uploads\/2023\/03\/mbour.jpg",900,675,false],"post-thumbnail":["https:\/\/anpej.sn\/accueil\/wp-content\/uploads\/2023\/03\/mbour-550x410.jpg",550,410,true],"consilox_medium":["https:\/\/anpej.sn\/accueil\/wp-content\/uploads\/2023\/03\/mbour-550x580.jpg",550,580,true],"woocommerce_thumbnail":["https:\/\/anpej.sn\/accueil\/wp-content\/uploads\/2023\/03\/mbour-300x300.jpg",300,300,true],"woocommerce_single":["https:\/\/anpej.sn\/accueil\/wp-content\/uploads\/2023\/03\/mbour-600x450.jpg",600,450,true],"woocommerce_gallery_thumbnail":["https:\/\/anpej.sn\/accueil\/wp-content\/uploads\/2023\/03\/mbour-180x180.jpg",180,180,true]},"rttpg_author":{"display_name":"admin","author_link":"https:\/\/anpej.sn\/accueil\/author\/admin\/"},"rttpg_comment":17,"rttpg_category":"<a href=\"https:\/\/anpej.sn\/accueil\/category\/actualite\/\" rel=\"category tag\">actualit\u00e9<\/a> <a href=\"https:\/\/anpej.sn\/accueil\/category\/non-classe\/\" rel=\"category tag\">Non class\u00e9<\/a>","rttpg_excerpt":"L\u2019Agence Nationale pour la promotion de l\u2019emploi des jeunes ANPEJ a re\u00e7u la visite du ministre de la jeunesse, de la promotion de l\u2019entrepreneuriat et de l\u2019emploi du Burkina Faso. Monsieur Salifo TIEMTOR\u00c9 accompagn\u00e9 d\u2019une forte d\u00e9l\u00e9gation a \u00e9t\u00e9 accueilli par le Directeur G\u00e9n\u00e9ral, Monsieur Tamsir Faye et ses collaborateurs.","_links":{"self":[{"href":"https:\/\/anpej.sn\/accueil\/wp-json\/wp\/v2\/posts\/9777","targetHints":{"allow":["GET"]}}],"collection":[{"href":"https:\/\/anpej.sn\/accueil\/wp-json\/wp\/v2\/posts"}],"about":[{"href":"https:\/\/anpej.sn\/accueil\/wp-json\/wp\/v2\/types\/post"}],"author":[{"embeddable":true,"href":"https:\/\/anpej.sn\/accueil\/wp-json\/wp\/v2\/users\/1"}],"replies":[{"embeddable":true,"href":"https:\/\/anpej.sn\/accueil\/wp-json\/wp\/v2\/comments?post=9777"}],"version-history":[{"count":0,"href":"https:\/\/anpej.sn\/accueil\/wp-json\/wp\/v2\/posts\/9777\/revisions"}],"wp:featuredmedia":[{"embeddable":true,"href":"https:\/\/anpej.sn\/accueil\/wp-json\/wp\/v2\/media\/13856"}],"wp:attachment":[{"href":"https:\/\/anpej.sn\/accueil\/wp-json\/wp\/v2\/media?parent=9777"}],"wp:term":[{"taxonomy":"category","embeddable":true,"href":"https:\/\/anpej.sn\/accueil\/wp-json\/wp\/v2\/categories?post=9777"},{"taxonomy":"post_tag","embeddable":true,"href":"https:\/\/anpej.sn\/accueil\/wp-json\/wp\/v2\/tags?post=9777"}],"curies":[{"name":"wp","href":"https:\/\/api.w.org\/{rel}","templated":true}]}}