{"id":9778,"date":"2023-11-10T09:26:18","date_gmt":"2023-11-10T09:26:18","guid":{"rendered":"https:\/\/anpej.sn\/?p=5785"},"modified":"2023-11-10T09:26:18","modified_gmt":"2023-11-10T09:26:18","slug":"5785-2","status":"publish","type":"post","link":"https:\/\/anpej.sn\/accueil\/5785-2\/","title":{"rendered":"Remise de Mat\u00e9riels aux b\u00e9n\u00e9ficiaires du (PNPEJ\/SN)"},"content":{"rendered":"<p><span style=\"text-align: justify;\">C\u00e9r\u00e9monie de remise de mat\u00e9riels aux b\u00e9n\u00e9ficiaires du Programme National de Promotion de l&#8217;Entrepreneuriat des Jeunes au S\u00e9n\u00e9gal (PNPEJ\/SN).<\/span><\/p>\n<div dir=\"auto\" style=\"text-align: justify;\">\n<div dir=\"auto\">\n<div dir=\"auto\">Mis en place et financ\u00e9 par l&#8217;ANPEJ \u00e0 hauteur de 125 000 000 de Fcfa, le PNPEJ\/SN vise \u00e0 soutenir les initiatives \u00e9conomiques des jeunes dans les secteurs \u00e0 fort potentiel de cr\u00e9ation d&#8217;emplois. Au total, 165 jeunes issus des r\u00e9gions de Thi\u00e8s, Fatick et Dakar ont b\u00e9n\u00e9fici\u00e9 de ce programme.<\/div>\n<div dir=\"auto\"><a class=\"x1i10hfl xjbqb8w x6umtig x1b1mbwd xaqea5y xav7gou x9f619 x1ypdohk xt0psk2 xe8uvvx xdj266r x11i5rnm xat24cr x1mh8g0r xexx8yu x4uap5 x18d9i69 xkhd6sd x16tdsg8 x1hl2dhg xggy1nq x1a2a7pz xt0b8zv x1qq9wsj xo1l8bm\" tabindex=\"0\" role=\"link\" href=\"https:\/\/www.facebook.com\/hashtag\/financement?__eep__=6&amp;__cft__[0]=AZWzldC9g6iQOaSKqZHku-bidNrCxYi2kjYPMdbHU6T2Y7RYbw8MZJMObzsiMHijeGb7uI3WpJKIchWMt_-11GLfFKcPqoLMBVtYrq5CDPlPvvdxsZRFTIcIO6YZMRDa-qWA5Bt2J39kstezQjZUyt8Luewqc1CM2w-0yNnnY-GTtq31wXnAoa1DSM2cN9NYLU4&amp;__tn__=*NK-R\">#financement<\/a> <a class=\"x1i10hfl xjbqb8w x6umtig x1b1mbwd xaqea5y xav7gou x9f619 x1ypdohk xt0psk2 xe8uvvx xdj266r x11i5rnm xat24cr x1mh8g0r xexx8yu x4uap5 x18d9i69 xkhd6sd x16tdsg8 x1hl2dhg xggy1nq x1a2a7pz xt0b8zv x1qq9wsj xo1l8bm\" tabindex=\"0\" role=\"link\" href=\"https:\/\/www.facebook.com\/hashtag\/autoemploi?__eep__=6&amp;__cft__[0]=AZWzldC9g6iQOaSKqZHku-bidNrCxYi2kjYPMdbHU6T2Y7RYbw8MZJMObzsiMHijeGb7uI3WpJKIchWMt_-11GLfFKcPqoLMBVtYrq5CDPlPvvdxsZRFTIcIO6YZMRDa-qWA5Bt2J39kstezQjZUyt8Luewqc1CM2w-0yNnnY-GTtq31wXnAoa1DSM2cN9NYLU4&amp;__tn__=*NK-R\">#autoemploi<\/a> <a class=\"x1i10hfl xjbqb8w x6umtig x1b1mbwd xaqea5y xav7gou x9f619 x1ypdohk xt0psk2 xe8uvvx xdj266r x11i5rnm xat24cr x1mh8g0r xexx8yu x4uap5 x18d9i69 xkhd6sd x16tdsg8 x1hl2dhg xggy1nq x1a2a7pz xt0b8zv x1qq9wsj xo1l8bm\" tabindex=\"0\" role=\"link\" href=\"https:\/\/www.facebook.com\/hashtag\/entreprenariat?__eep__=6&amp;__cft__[0]=AZWzldC9g6iQOaSKqZHku-bidNrCxYi2kjYPMdbHU6T2Y7RYbw8MZJMObzsiMHijeGb7uI3WpJKIchWMt_-11GLfFKcPqoLMBVtYrq5CDPlPvvdxsZRFTIcIO6YZMRDa-qWA5Bt2J39kstezQjZUyt8Luewqc1CM2w-0yNnnY-GTtq31wXnAoa1DSM2cN9NYLU4&amp;__tn__=*NK-R\">#entreprenariat<\/a> <a class=\"x1i10hfl xjbqb8w x6umtig x1b1mbwd xaqea5y xav7gou x9f619 x1ypdohk xt0psk2 xe8uvvx xdj266r x11i5rnm xat24cr x1mh8g0r xexx8yu x4uap5 x18d9i69 xkhd6sd x16tdsg8 x1hl2dhg xggy1nq x1a2a7pz xt0b8zv x1qq9wsj xo1l8bm\" tabindex=\"0\" role=\"link\" href=\"https:\/\/www.facebook.com\/hashtag\/emploijeunes?__eep__=6&amp;__cft__[0]=AZWzldC9g6iQOaSKqZHku-bidNrCxYi2kjYPMdbHU6T2Y7RYbw8MZJMObzsiMHijeGb7uI3WpJKIchWMt_-11GLfFKcPqoLMBVtYrq5CDPlPvvdxsZRFTIcIO6YZMRDa-qWA5Bt2J39kstezQjZUyt8Luewqc1CM2w-0yNnnY-GTtq31wXnAoa1DSM2cN9NYLU4&amp;__tn__=*NK-R\">#EmploiJeunes<\/a><\/div>\n<\/div>\n<\/div>\n","protected":false},"excerpt":{"rendered":"<p>C\u00e9r\u00e9monie de remise de mat\u00e9riels aux b\u00e9n\u00e9ficiaires du Programme National de Promotion de l&#8217;Entrepreneuriat des Jeunes au S\u00e9n\u00e9gal (PNPEJ\/SN). Mis en place et financ\u00e9 par l&#8217;ANPEJ \u00e0 hauteur de 125 [&hellip;]<\/p>\n","protected":false},"author":1,"featured_media":13515,"comment_status":"open","ping_status":"open","sticky":false,"template":"","format":"standard","meta":{"footnotes":""},"categories":[41,1],"tags":[],"class_list":["post-9778","post","type-post","status-publish","format-standard","has-post-thumbnail","hentry","category-actualite","category-non-classe"],"rttpg_featured_image_url":{"full":["https:\/\/anpej.sn\/accueil\/wp-content\/uploads\/2023\/11\/admin-ajax-2.jpg",600,450,false],"landscape":["https:\/\/anpej.sn\/accueil\/wp-content\/uploads\/2023\/11\/admin-ajax-2.jpg",600,450,false],"portraits":["https:\/\/anpej.sn\/accueil\/wp-content\/uploads\/2023\/11\/admin-ajax-2.jpg",600,450,false],"thumbnail":["https:\/\/anpej.sn\/accueil\/wp-content\/uploads\/2023\/11\/admin-ajax-2-175x175.jpg",175,175,true],"medium":["https:\/\/anpej.sn\/accueil\/wp-content\/uploads\/2023\/11\/admin-ajax-2.jpg",600,450,false],"large":["https:\/\/anpej.sn\/accueil\/wp-content\/uploads\/2023\/11\/admin-ajax-2.jpg",600,450,false],"post-thumbnail":["https:\/\/anpej.sn\/accueil\/wp-content\/uploads\/2023\/11\/admin-ajax-2-550x410.jpg",550,410,true],"consilox_medium":["https:\/\/anpej.sn\/accueil\/wp-content\/uploads\/2023\/11\/admin-ajax-2-550x450.jpg",550,450,true],"woocommerce_thumbnail":["https:\/\/anpej.sn\/accueil\/wp-content\/uploads\/2023\/11\/admin-ajax-2-300x300.jpg",300,300,true],"woocommerce_single":["https:\/\/anpej.sn\/accueil\/wp-content\/uploads\/2023\/11\/admin-ajax-2.jpg",600,450,false],"woocommerce_gallery_thumbnail":["https:\/\/anpej.sn\/accueil\/wp-content\/uploads\/2023\/11\/admin-ajax-2-180x180.jpg",180,180,true]},"rttpg_author":{"display_name":"admin","author_link":"https:\/\/anpej.sn\/accueil\/author\/admin\/"},"rttpg_comment":100,"rttpg_category":"<a href=\"https:\/\/anpej.sn\/accueil\/category\/actualite\/\" rel=\"category tag\">actualit\u00e9<\/a> <a href=\"https:\/\/anpej.sn\/accueil\/category\/non-classe\/\" rel=\"category tag\">Non class\u00e9<\/a>","rttpg_excerpt":"C\u00e9r\u00e9monie de remise de mat\u00e9riels aux b\u00e9n\u00e9ficiaires du Programme National de Promotion de l&#8217;Entrepreneuriat des Jeunes au S\u00e9n\u00e9gal (PNPEJ\/SN). Mis en place et financ\u00e9 par l&#8217;ANPEJ \u00e0 hauteur de 125 [&hellip;]","_links":{"self":[{"href":"https:\/\/anpej.sn\/accueil\/wp-json\/wp\/v2\/posts\/9778","targetHints":{"allow":["GET"]}}],"collection":[{"href":"https:\/\/anpej.sn\/accueil\/wp-json\/wp\/v2\/posts"}],"about":[{"href":"https:\/\/anpej.sn\/accueil\/wp-json\/wp\/v2\/types\/post"}],"author":[{"embeddable":true,"href":"https:\/\/anpej.sn\/accueil\/wp-json\/wp\/v2\/users\/1"}],"replies":[{"embeddable":true,"href":"https:\/\/anpej.sn\/accueil\/wp-json\/wp\/v2\/comments?post=9778"}],"version-history":[{"count":0,"href":"https:\/\/anpej.sn\/accueil\/wp-json\/wp\/v2\/posts\/9778\/revisions"}],"wp:featuredmedia":[{"embeddable":true,"href":"https:\/\/anpej.sn\/accueil\/wp-json\/wp\/v2\/media\/13515"}],"wp:attachment":[{"href":"https:\/\/anpej.sn\/accueil\/wp-json\/wp\/v2\/media?parent=9778"}],"wp:term":[{"taxonomy":"category","embeddable":true,"href":"https:\/\/anpej.sn\/accueil\/wp-json\/wp\/v2\/categories?post=9778"},{"taxonomy":"post_tag","embeddable":true,"href":"https:\/\/anpej.sn\/accueil\/wp-json\/wp\/v2\/tags?post=9778"}],"curies":[{"name":"wp","href":"https:\/\/api.w.org\/{rel}","templated":true}]}}